{"id":207952,"date":"2023-07-31T07:07:03","date_gmt":"2023-07-31T05:07:03","guid":{"rendered":"https:\/\/www.quicosenza.it\/news\/?p=207952"},"modified":"2023-07-31T12:11:05","modified_gmt":"2023-07-31T10:11:05","slug":"nel-cielo-di-reggio-calabria-lesibizione-delle-frecce-tricolori","status":"publish","type":"post","link":"https:\/\/quicosenza.it\/news\/nel-cielo-di-reggio-calabria-lesibizione-delle-frecce-tricolori\/","title":{"rendered":"Nel cielo di Reggio Calabria l&#8217;esibizione delle Frecce tricolori"},"content":{"rendered":"<p>REGGIO CALABRIA &#8211; Occhi puntati al cielo e tanta emozione ieri a Reggio Calabria per l&#8217;esibizione della pattuglia acrobatica dell&#8217;Aeronautica militare italiana. Il comandante, tenente colonnello Stefano Vit: &#8220;\u00c8 il <strong>simbolo di un&#8217;Italia che si impegna<\/strong> e riesce facendo squadra. Volare sullo Stretto di Messina rappresenta qualcosa di particolare. Si tratta di una cornice orografica unica al mondo&#8221;.<\/p>\n<p>&#8220;Uno spettacolo che, oltre ad essere particolarmente scenografico &#8211; ha sottolineato Vit &#8211; rappresenta i valori dell&#8217;essere &#8216;squadra&#8217;, ma anche quello dell&#8217;amore della patria. \u00c8 un momento in cui esprimiamo tutti insieme la nostra italianit\u00e0&#8221;. A Reggio Calabria ieri migliaia di persone si sono assiepate sul lungomare Falcomat\u00e0 per assistere all\u2019omaggio tricolore della Pattuglia Acrobatica Nazionale.<strong> Nella tarda mattinata di oggi sar\u00e0 eseguito un sorvolo anche su Catanzaro.<\/strong><\/p>\n<p>\u201cUn secolo di spirito di squadra e di sfide gravose che hanno segnato la storia del Paese e toccano il cuore degli italiani da Nord a Sud. Il Consiglio regionale della Calabria esprime gratitudine per il senso del dovere, il coraggio e la professionalit\u00e0 dimostrati dagli uomini e dalle donne dell\u2019Arma Azzurra durante i cento anni dalla loro istituzione\u201d. Cos\u00ec il presidente del Consiglio regionale della Calabria <strong>Filippo Mancuso<\/strong>, in occasione del tour delle Frecce Tricolori che ha <strong>coinvolto la Calabria<\/strong> e con cui la pattuglia acrobatica sta celebrando (da maggio a novembre) il primo secolo di storia dalla fondazione dell\u2019Aeronautica Militare.<\/p>\n<p>&nbsp;<\/p>\n<p><img loading=\"lazy\" decoding=\"async\" class=\" wp-image-207954 aligncenter\" src=\"https:\/\/quicosenza.it\/news\/wp-content\/uploads\/2023\/07\/frecce-tricolore-reggio-02.jpg\" alt=\"frecce tricolore reggio 02\" width=\"614\" height=\"380\" title=\"\" srcset=\"https:\/\/quicosenza.it\/news\/wp-content\/uploads\/2023\/07\/frecce-tricolore-reggio-02.jpg 970w, https:\/\/quicosenza.it\/news\/wp-content\/uploads\/2023\/07\/frecce-tricolore-reggio-02-300x186.jpg 300w, https:\/\/quicosenza.it\/news\/wp-content\/uploads\/2023\/07\/frecce-tricolore-reggio-02-768x475.jpg 768w, https:\/\/quicosenza.it\/news\/wp-content\/uploads\/2023\/07\/frecce-tricolore-reggio-02-150x93.jpg 150w, https:\/\/quicosenza.it\/news\/wp-content\/uploads\/2023\/07\/frecce-tricolore-reggio-02-696x431.jpg 696w, https:\/\/quicosenza.it\/news\/wp-content\/uploads\/2023\/07\/frecce-tricolore-reggio-02-679x420.jpg 679w, https:\/\/quicosenza.it\/news\/wp-content\/uploads\/2023\/07\/frecce-tricolore-reggio-02-356x220.jpg 356w\" sizes=\"auto, (max-width: 614px) 100vw, 614px\" \/><\/p>\n<div style=\"width: 740px;\" class=\"wp-video\"><video class=\"wp-video-shortcode\" id=\"video-207952-1\" width=\"740\" height=\"419\" preload=\"metadata\" controls=\"controls\"><source type=\"video\/mp4\" src=\"https:\/\/quicosenza.it\/news\/wp-content\/uploads\/2023\/07\/frecce-tricolore-reggio.mp4?_=1\" \/><a href=\"https:\/\/quicosenza.it\/news\/wp-content\/uploads\/2023\/07\/frecce-tricolore-reggio.mp4\">https:\/\/quicosenza.it\/news\/wp-content\/uploads\/2023\/07\/frecce-tricolore-reggio.mp4<\/a><\/video><\/div>\n","protected":false},"excerpt":{"rendered":"<p>REGGIO CALABRIA &#8211; Occhi puntati al cielo e tanta emozione ieri a Reggio Calabria per l&#8217;esibizione della pattuglia acrobatica dell&#8217;Aeronautica militare italiana. Il comandante, tenente colonnello Stefano Vit: &#8220;\u00c8 il simbolo di un&#8217;Italia che si impegna e riesce facendo squadra. Volare sullo Stretto di Messina rappresenta qualcosa di particolare. Si tratta di una cornice orografica [&hellip;]<\/p>\n","protected":false},"author":42,"featured_media":207953,"comment_status":"closed","ping_status":"closed","sticky":false,"template":"","format":"standard","meta":{"_acf_changed":false,"footnotes":"","jetpack_publicize_message":"","jetpack_publicize_feature_enabled":true,"jetpack_social_post_already_shared":false,"jetpack_social_options":{"image_generator_settings":{"template":"highway","default_image_id":0,"font":"","enabled":false},"version":2}},"categories":[17],"tags":[19],"class_list":["post-207952","post","type-post","status-publish","format-standard","has-post-thumbnail","hentry","category-calabria","tag-copertina"],"acf":[],"jetpack_publicize_connections":[],"_links":{"self":[{"href":"https:\/\/quicosenza.it\/news\/wp-json\/wp\/v2\/posts\/207952","targetHints":{"allow":["GET"]}}],"collection":[{"href":"https:\/\/quicosenza.it\/news\/wp-json\/wp\/v2\/posts"}],"about":[{"href":"https:\/\/quicosenza.it\/news\/wp-json\/wp\/v2\/types\/post"}],"author":[{"embeddable":true,"href":"https:\/\/quicosenza.it\/news\/wp-json\/wp\/v2\/users\/42"}],"replies":[{"embeddable":true,"href":"https:\/\/quicosenza.it\/news\/wp-json\/wp\/v2\/comments?post=207952"}],"version-history":[{"count":0,"href":"https:\/\/quicosenza.it\/news\/wp-json\/wp\/v2\/posts\/207952\/revisions"}],"wp:featuredmedia":[{"embeddable":true,"href":"https:\/\/quicosenza.it\/news\/wp-json\/wp\/v2\/media\/207953"}],"wp:attachment":[{"href":"https:\/\/quicosenza.it\/news\/wp-json\/wp\/v2\/media?parent=207952"}],"wp:term":[{"taxonomy":"category","embeddable":true,"href":"https:\/\/quicosenza.it\/news\/wp-json\/wp\/v2\/categories?post=207952"},{"taxonomy":"post_tag","embeddable":true,"href":"https:\/\/quicosenza.it\/news\/wp-json\/wp\/v2\/tags?post=207952"}],"curies":[{"name":"wp","href":"https:\/\/api.w.org\/{rel}","templated":true}]}}