{"id":207960,"date":"2023-08-06T08:00:03","date_gmt":"2023-08-06T06:00:03","guid":{"rendered":"https:\/\/www.quicosenza.it\/news\/?p=207960"},"modified":"2023-08-03T09:59:35","modified_gmt":"2023-08-03T07:59:35","slug":"poemare-festival-a-cariati-kermesse-di-poesia-arti-e-musica","status":"publish","type":"post","link":"https:\/\/quicosenza.it\/news\/poemare-festival-a-cariati-kermesse-di-poesia-arti-e-musica\/","title":{"rendered":"PoeMare Festival: a Cariati kermesse di poesia, arti e musica"},"content":{"rendered":"<p>CARIATI (CS) &#8211; La cittadella fortificata, il borgo marinaro e il porto in notturno faranno da scenario al PoeMARE Festival, tre giorni di Poesia, Arti e Musica con l\u2019assegnazione del Premio Poemare 2023, che si svolger\u00e0 nella cittadina ionica il<strong> 9, l&#8217;11 e il 13 agosto.<\/strong> L\u2019evento, organizzato dall\u2019omonima Associazione con il patrocinio dell\u2019Amministrazione Comunale e il contributo di sponsor locali, \u00e8 inserito nel cartellone dell\u2019Estate Cariatese 2023, ed ha un <strong>tema suggestivo<\/strong>, che da sempre ispira poeti, artisti e scrittori: <strong>\u201cIl sogno\u2026 e cosa ne rimane\u201d<\/strong>, scelto, spiegano dall\u2019Associazione PoeMARE, impegnatissima con i preparativi in questi giorni, \u201cper il suo fascino e per la capacit\u00e0 di rappresentare un mondo fatto di riflessi di realt\u00e0, immaginazione, paure, speranze ed emozioni originate dal nostro io profondo e compagne dell\u2019esistenza di ciascuno di noi\u201d.<\/p>\n<p>Il Festival, alla sua prima edizione con direzione artistica, per quest\u2019anno, del poeta Alessio Baratta, ha lo scopo di <strong>valorizzare le Arti e le Culture<\/strong> alle quali la cittadina di Cariati, con le sue caratteristiche monumentali, paesaggistiche, culturali e umane offre meravigliosi scenari; ha gi\u00e0, comunque, una storia in quanto nasce dall\u2019evento <strong>\u201cIn-Canto d\u2019Estate\u201d<\/strong>, realizzato con successo dal 2019 per quattro edizioni pi\u00f9 una invernale, dal nucleo fondante l\u2019Associazione Aps, costituitasi nel giugno 2022.<\/p>\n<p><img loading=\"lazy\" decoding=\"async\" class=\" wp-image-207961 aligncenter\" src=\"https:\/\/quicosenza.it\/news\/wp-content\/uploads\/2023\/07\/associazione-poemare.jpg\" alt=\"associazione poemare\" width=\"515\" height=\"319\" title=\"\" srcset=\"https:\/\/quicosenza.it\/news\/wp-content\/uploads\/2023\/07\/associazione-poemare.jpg 970w, https:\/\/quicosenza.it\/news\/wp-content\/uploads\/2023\/07\/associazione-poemare-300x186.jpg 300w, https:\/\/quicosenza.it\/news\/wp-content\/uploads\/2023\/07\/associazione-poemare-768x475.jpg 768w, https:\/\/quicosenza.it\/news\/wp-content\/uploads\/2023\/07\/associazione-poemare-150x93.jpg 150w, https:\/\/quicosenza.it\/news\/wp-content\/uploads\/2023\/07\/associazione-poemare-696x431.jpg 696w, https:\/\/quicosenza.it\/news\/wp-content\/uploads\/2023\/07\/associazione-poemare-679x420.jpg 679w, https:\/\/quicosenza.it\/news\/wp-content\/uploads\/2023\/07\/associazione-poemare-356x220.jpg 356w\" sizes=\"auto, (max-width: 515px) 100vw, 515px\" \/><\/p>\n<p><strong>L\u2019anteprima \u00e8 prevista per l\u20198 agosto alle ore 21<\/strong>, con l\u2019inaugurazione del Festival presso il Museo Civico del Mare, dell\u2019Agricoltura e delle Migrazioni, che ospiter\u00e0 nella sua Rassegna d\u2019Arte 2023 la mostra del celebre pittore Pietro De Seta, tra i protagonisti della serata del 9.<\/p>\n<p><strong>Mercoled\u00ec 9 agosto<\/strong>, sempre dalle ore 21, in piazza Plebiscito, cuore del centro storico di Cariati partir\u00e0, dunque, il PoeMARE Festival con la quinta edizione di \u201cIn-Canto d\u2019Estate\u201d, un Tributo alle Arti secondo la formula ormai collaudata di performance di Poesia, Letteratura, Musica, Teatro e Pittura; si esibiranno lo stesso Alessio Baratta, il poeta e performer Gennaro Madera, gli attori Davide Santoro e Lucrezia Passarelli, il musicista Domenico Berardi, la scrittrice Assunta Scorpiniti, presidente dell\u2019Associazione Aps che avr\u00e0 anche il compito di aprire il Festival, la docente Viviana Amato. La serata sar\u00e0 arricchita, come rilevato, dalla presenza del celebre artista Pietro De Seta che realizzer\u00e0 in performance live un quadro oggetto di una riffa finale, e dell\u2019Associazione Donne dell\u2019Ucraina, Paese ospite, che proporranno i versi dei maggiori poeti della loro martoriata e amata terra; l\u2019accompagnamento musicale \u00e8 a cura del Gruppo Controcorrente Live.<\/p>\n<p>La seconda giornata di<strong> venerd\u00ec 11 agosto<\/strong>, sul lungomare Sud di Cariati (zona bar Number 1), dalle ore 19.00, sar\u00e0 \u201cTramonti diVersi\u201d, un aperitivo di divulgazione poetica con la partecipazione, oltre agli organizzatori, di Davide Avolio, Flaminia Colella, Gloria Riggio, Alessio Spetale e Massimo Salvati, ovvero i poeti e le poetesse provenienti da varie parti d\u2019Italia partecipanti al premio PoeMARE, che, sulle note di Sara Manfredi (chitarra e voce) e della violinista Aurora Arcudi, racconteranno di poeti e poetesse che hanno segnato il loro cammino.<\/p>\n<p>La terza giornata, di <strong>sabato 13 agosto<\/strong>, in zona Padre Pio (Lungomare Nord), dalle ore 21, ci sar\u00e0 un inedito e spettacolare Show Culturale presentato da Gennaro Madera e Lucrezia Passarelli, abbinato al Concorso di Performance Poetica riservato a poeti emergenti Under 35 che abbiano pubblicato almeno una raccolta di poesie. I poeti, gi\u00e0 protagonisti di \u201cTramonti diVersi\u201d, si esibiranno in 4 round alternati a canzoni e musiche di Controcorrente Live, Aurora Arcudi e Giacomo Aiello, sottoponendosi al giudizio di una Giuria Tecnica (la presidente dell\u2019Associazione, il noto poeta Rocco Taliano Grasso e la poetessa campana Damiana De Gennaro) e di una Giuria Demoscopica (i soci di PoeMARE e un campione scelto tra il pubblico). Al termine della serata saranno proclamati il Vincitore Assoluto del Premio PoeMARE 2023 e la Poesia Vincitrice.<\/p>\n","protected":false},"excerpt":{"rendered":"<p>CARIATI (CS) &#8211; La cittadella fortificata, il borgo marinaro e il porto in notturno faranno da scenario al PoeMARE Festival, tre giorni di Poesia, Arti e Musica con l\u2019assegnazione del Premio Poemare 2023, che si svolger\u00e0 nella cittadina ionica il 9, l&#8217;11 e il 13 agosto. L\u2019evento, organizzato dall\u2019omonima Associazione con il patrocinio dell\u2019Amministrazione Comunale [&hellip;]<\/p>\n","protected":false},"author":42,"featured_media":207962,"comment_status":"closed","ping_status":"closed","sticky":false,"template":"","format":"standard","meta":{"_acf_changed":false,"footnotes":"","jetpack_publicize_message":"","jetpack_publicize_feature_enabled":true,"jetpack_social_post_already_shared":false,"jetpack_social_options":{"image_generator_settings":{"template":"highway","default_image_id":0,"font":"","enabled":false},"version":2}},"categories":[572],"tags":[],"class_list":["post-207960","post","type-post","status-publish","format-standard","has-post-thumbnail","hentry","category-ionio"],"acf":[],"jetpack_publicize_connections":[],"_links":{"self":[{"href":"https:\/\/quicosenza.it\/news\/wp-json\/wp\/v2\/posts\/207960","targetHints":{"allow":["GET"]}}],"collection":[{"href":"https:\/\/quicosenza.it\/news\/wp-json\/wp\/v2\/posts"}],"about":[{"href":"https:\/\/quicosenza.it\/news\/wp-json\/wp\/v2\/types\/post"}],"author":[{"embeddable":true,"href":"https:\/\/quicosenza.it\/news\/wp-json\/wp\/v2\/users\/42"}],"replies":[{"embeddable":true,"href":"https:\/\/quicosenza.it\/news\/wp-json\/wp\/v2\/comments?post=207960"}],"version-history":[{"count":0,"href":"https:\/\/quicosenza.it\/news\/wp-json\/wp\/v2\/posts\/207960\/revisions"}],"wp:featuredmedia":[{"embeddable":true,"href":"https:\/\/quicosenza.it\/news\/wp-json\/wp\/v2\/media\/207962"}],"wp:attachment":[{"href":"https:\/\/quicosenza.it\/news\/wp-json\/wp\/v2\/media?parent=207960"}],"wp:term":[{"taxonomy":"category","embeddable":true,"href":"https:\/\/quicosenza.it\/news\/wp-json\/wp\/v2\/categories?post=207960"},{"taxonomy":"post_tag","embeddable":true,"href":"https:\/\/quicosenza.it\/news\/wp-json\/wp\/v2\/tags?post=207960"}],"curies":[{"name":"wp","href":"https:\/\/api.w.org\/{rel}","templated":true}]}}