{"id":207993,"date":"2023-07-31T12:04:24","date_gmt":"2023-07-31T10:04:24","guid":{"rendered":"https:\/\/www.quicosenza.it\/news\/?p=207993"},"modified":"2023-07-31T12:04:24","modified_gmt":"2023-07-31T10:04:24","slug":"ciacco-senza-reddito-di-cittadinanza-la-calabria-sprofonda-nella-poverta","status":"publish","type":"post","link":"https:\/\/quicosenza.it\/news\/ciacco-senza-reddito-di-cittadinanza-la-calabria-sprofonda-nella-poverta\/","title":{"rendered":"Ciacco: \u00absenza reddito di cittadinanza la Calabria sprofonda nella povert\u00e0\u00bb"},"content":{"rendered":"<p>COSENZA &#8211; &#8220;Il 28 luglio 2023,\u00a0 in Calabria, <strong>circa 16.000 famiglie, hanno ricevuto dall\u2019INPS,<\/strong> il laconico e algido sms, con il quale \u00e8 stato comunicato loro\u00a0 la <strong><a href=\"https:\/\/quicosenza.it\/news\/area-urbana\/cosenza-reddito-di-cittadinanza-sospeso-con-un-sms-assessori-e-capigruppo-andava-gestito-meglio\" target=\"_blank\" rel=\"noopener\">sospensione dell\u2019erogazione del reddito di cittadinanza<\/a><\/strong>. Lo stesso sms \u00e8 stato inviato, su tutto il territorio nazionale, anche, ad altre 200.000 famiglie. E tanto in ottemperanza all\u2019art. 13 del D.L. 48\/2023, poi \u00a0convertito nella legge 85\/2023. Si badi, innanzitutto, al primigenio strumento normativo adoperato: il decreto legge. Il decreto legge, ex art. 77 Cost., \u00e8 il provvedimento, avente forza di legge, che il Governo pu\u00f2 adottare, esclusivamente, nei &#8216;casi straordinari di necessit\u00e0 e di urgenza&#8217;&#8221;. Cos\u00ec scrive in una nota il <strong>consigliere comunale Giuseppe Ciacco<\/strong>, dopo la sospensione del sussidio statale.<\/p>\n<p>&#8220;Dunque, per il governo Meloni-Salvini-Tajani, l\u2019abolizione del reddito di cittadinanza ha rappresentato una priorit\u00e0 emergenziale assoluta e indifferibile. Tanto da ricorrere alla legiferazione d\u2019urgenza, accompagnata, poi, dall\u2019apposizione della questione di fiducia per l\u2019approvazione della relativa legge di conversione. Quando si pone la questione di fiducia? Il governo pone la questione di fiducia su una legge, quando\u00a0 qualifica, tale atto, \u00a0come fondamentale per la propria azione politica, facendo dipendere, dalla sua approvazione, \u00a0la propria permanenza in carica.<\/p>\n<p>Ponendo la fiducia sulla legge, tutti gli emendamenti decadono e la legge deve essere votata cos\u00ec come \u00e8 stata presentata. Cio\u00e8 a dire: l\u2019iter legislativo ha certificato <strong>la cieca, bieca e forsennata avversione del governo in carica verso il reddito di cittadinanza.<\/strong> Bene, anzi male, molto male. Sgombriamo, subito, il terreno da ogni orpellante equivoco. Io la penso esattamente cos\u00ec.<\/p>\n<p>Il reddito di cittadinanza, &#8211; prosegue Ciacco &#8211; introdotto dal governo Conte-Salvini, nella sua originaria strutturazione, confessava, da s\u00e9, \u00a0la propria manifesta matrice propagandistica. Proponendosi come una panacea oppiacea, ingannevole e frustrante. E\u2019 stato concesso attraverso una indiscriminata elargizione a pioggia, che ha, inevitabilmente, foraggiato, nel concomitante fallimento dei farraginosi meccanismi di avvio al mercato del lavoro e degli aleatori strumenti di controllo, cospicue sacche di intollerabile parassitismo.<\/p>\n<p>E\u2019 concepibile, \u00e8 eticamente coerente\u00a0 garantire il sussidio anche a un giovane di 18 anni\u00a0 o di 20 anni, o anche, di 30 anni,\u00a0 di belle speranze e di sana e robusta costituzione? Assolutamente no. Perch\u00e9, al di l\u00e0 della pur ingombrante e triste liturgia del \u201cdivanismo\u201d, la garanzia del sussidio, cos\u00ec impostata, ha inoculato un fragoroso corto circuito incendiario dentro il principio dell\u2019uguaglianza sociale, siccome\u00a0 sagomato dall\u2019art. 3 della Carta Costituzionale. Pari dignit\u00e0 sociale \u2013 ammonisce il Maestro Perlingieri &#8211;\u00a0 significa che ciascuno sia libero dal bisogno, cio\u00e8 sia in condizione di realizzare per s\u00e9 e per la propria famiglia una vita libera\u00a0 e dignitosa. Il reddito di cittadinanza, nella sua abnorme sequenza applicativa, ha radicalizzato lo stato di bisogno, sacrificando la dignit\u00e0 dell\u2019uomo.<\/p>\n<p>E sempre il Maestro Perlingieri, scriveva che \u201cil precetto costituzionale dell\u2019uguaglianza,\u00a0 nella giustizia sociale,\u00a0 \u00e8 violato quando, senza giustificazione costituzionalmente rilevante, cittadini in situazioni differenti e sperequate subiscono un trattamento identico\u201d.\u00a0\u00a0 <strong>E\u2019 eticamente coerente riservare lo stesso trattamento al giovane di 18 anni, aitante e prosperoso, \u00a0e al padre di famiglia di 50 anni, che ha perso il posto di\u00a0 lavoro?\u00a0<\/strong> Assolutamente no. E, allora, \u00e8 evidente che il reddito di cittadinanza presentava patologici profili distorsivi. Ma mi domando: la correzione della patologia intersecava, esclusivamente, la soppressione della misura. Della serie: butto a mare il bambino con tutta l\u2019acqua sporca. O, piuttosto, occorreva \u2013 come era giusto che fosse \u2013 introdurre gli opportuni e indifferibili correttivi? Attenzione: l\u2019abolizione del reddito di cittadinanza avr\u00e0 effetti devastanti;\u00a0 \u00a0in Calabria,\u00a0 produrr\u00e0\u00a0 un\u2019ecatombe sociale.<\/p>\n<p>A fronte di un manipolo di \u201cdivanisti\u201d, \u00a0<strong>qui nella nostra Regione, c\u2019\u00e8 una platea di povera gente<\/strong>, in carne e ossa, che, fra venti giorni, consumata l\u2019ultima mensilit\u00e0 del reddito di cittadinanza, liquidata il 27 luglio, non avr\u00e0 pi\u00f9 un centesimo in tasca.\u00a0 Chi dar\u00e0 da mangiare ai figli di questa povera gente? La Caritas? In Calabria centinaia e centinaia\u00a0 di nuclei familiari, finora,\u00a0 sono riusciti a soddisfare i propri bisogni primari solo grazie al reddito di cittadinanza. D\u2019ora in avanti \u00a0ci saranno migliaia di famiglie senza lavoro e senza reddito. In una Regione, la Calabria, nella quale, da una parte, i tassi di disoccupazione raggiungono primati unici a livello nazionale\u00a0 e, dall\u2019altra parte,\u00a0 l\u2019economia versa in una fase di comatosa stagnazione, che blocca\u00a0 i processi di investimento e, quindi, la creazione di nuova occupazione. In Calabria il mercato del lavoro \u00e8 in profonda crisi: le imprese non assumono.<\/p>\n<p><strong>E, allora, qual \u00e8 la drammatica prospettiva?<\/strong> Migliaia di persone, di padri di famiglia si trovano, oggi,\u00a0 di fronte a questo angosciante\u00a0 dilemma: rimanere disoccupati e senza sussidi e vivere di espedienti, al fine di raggiungere la soglia minima di reddito, \u00a0che garantisce la sussistenza, oppure emigrare. L\u2019abolizione del reddito di cittadinanza, qui\u00a0 in Calabria comporter\u00e0, quindi, sia un aumento dell\u2019occupazione irregolare, cio\u00e8\u00a0 del lavoro nero, praticato in condizioni di sfruttamento\u00a0 schiavistico, sia lo spopolamento. Ma, anche,\u00a0 un crollo dei consumi. Infatti, i percettori del reddito di cittadinanza, hanno, indubbiamente, alimentato,\u00a0 negli ultimi quattro anni,\u00a0 l\u2019economia locale.<\/p>\n<p><strong> Comporter\u00e0 anche un incremento della microcriminalit\u00e0?<\/strong> Per la verit\u00e0, &#8211; precisa il consigliere comunale &#8211; non ci sono dati validati a sostegno di questa ipotesi. \u00c8, tuttavia, \u00e8 probabile che succeda. E\u2019 probabile che si registrer\u00e0, anche un aumento della microcriminalit\u00e0. E non mi si dica che,\u00a0 da settembre, potr\u00e0 essere richiesto il supporto per formazione e lavoro da 350 euro al mese per un massimo di 12 mesi. Perch\u00e9, al di l\u00e0 della risibile irrisoriet\u00e0 della somma,\u00a0 per accedere al supporto bisogna essere ancora pi\u00f9 poveri dei poveri, \u00a0ai quali viene concesso il reddito di cittadinanza. E, nel frattempo,\u00a0\u00a0 la protesta sociale comincia a montare con ingravescente lievitazione. Nello scorso fine settimana presso gli Uffici welfare del Comune di Cosenza si sono registrate le prime calche di centinaia di persone, che chiedono di essere prese in carico.<\/p>\n<p><strong>Ma \u00e8 inutile recarsi presso le Municipalit\u00e0, perch\u00e9 i Comuni hanno le mani legate.\u00a0<\/strong> La presa in carica per il fantomatico supporto per formazione e lavoro avviene attraverso una piattaforma, gestita esclusivamente, dai Centri per l\u2019Impiego.\u00a0 Gli assistenti sociali, i dipendenti,\u00a0 i dirigenti degli uffici welfare, gli amministratori\u00a0 sono, tutti,\u00a0 dalla parte dei cittadini, ma, in questo caso, \u00a0non possono fare nulla. Lo scenario \u00e8, per davvero, drammaticamente, allarmante&#8221;.<\/p>\n","protected":false},"excerpt":{"rendered":"<p>COSENZA &#8211; &#8220;Il 28 luglio 2023,\u00a0 in Calabria, circa 16.000 famiglie, hanno ricevuto dall\u2019INPS, il laconico e algido sms, con il quale \u00e8 stato comunicato loro\u00a0 la sospensione dell\u2019erogazione del reddito di cittadinanza. Lo stesso sms \u00e8 stato inviato, su tutto il territorio nazionale, anche, ad altre 200.000 famiglie. E tanto in ottemperanza all\u2019art. 13 [&hellip;]<\/p>\n","protected":false},"author":58,"featured_media":207996,"comment_status":"closed","ping_status":"closed","sticky":false,"template":"","format":"standard","meta":{"_acf_changed":false,"footnotes":"","jetpack_publicize_message":"","jetpack_publicize_feature_enabled":true,"jetpack_social_post_already_shared":false,"jetpack_social_options":{"image_generator_settings":{"template":"highway","default_image_id":0,"font":"","enabled":false},"version":2}},"categories":[563,42],"tags":[19],"class_list":["post-207993","post","type-post","status-publish","format-standard","has-post-thumbnail","hentry","category-area-urbana","category-cosenza","tag-copertina"],"acf":[],"jetpack_publicize_connections":[],"_links":{"self":[{"href":"https:\/\/quicosenza.it\/news\/wp-json\/wp\/v2\/posts\/207993","targetHints":{"allow":["GET"]}}],"collection":[{"href":"https:\/\/quicosenza.it\/news\/wp-json\/wp\/v2\/posts"}],"about":[{"href":"https:\/\/quicosenza.it\/news\/wp-json\/wp\/v2\/types\/post"}],"author":[{"embeddable":true,"href":"https:\/\/quicosenza.it\/news\/wp-json\/wp\/v2\/users\/58"}],"replies":[{"embeddable":true,"href":"https:\/\/quicosenza.it\/news\/wp-json\/wp\/v2\/comments?post=207993"}],"version-history":[{"count":0,"href":"https:\/\/quicosenza.it\/news\/wp-json\/wp\/v2\/posts\/207993\/revisions"}],"wp:featuredmedia":[{"embeddable":true,"href":"https:\/\/quicosenza.it\/news\/wp-json\/wp\/v2\/media\/207996"}],"wp:attachment":[{"href":"https:\/\/quicosenza.it\/news\/wp-json\/wp\/v2\/media?parent=207993"}],"wp:term":[{"taxonomy":"category","embeddable":true,"href":"https:\/\/quicosenza.it\/news\/wp-json\/wp\/v2\/categories?post=207993"},{"taxonomy":"post_tag","embeddable":true,"href":"https:\/\/quicosenza.it\/news\/wp-json\/wp\/v2\/tags?post=207993"}],"curies":[{"name":"wp","href":"https:\/\/api.w.org\/{rel}","templated":true}]}}