{"id":208195,"date":"2023-08-02T21:30:11","date_gmt":"2023-08-02T19:30:11","guid":{"rendered":"https:\/\/www.quicosenza.it\/news\/?p=208195"},"modified":"2023-08-02T19:56:21","modified_gmt":"2023-08-02T17:56:21","slug":"cosenza-oltre-un-milione-per-le-case-popolari-di-via-popilia-deliberato-linvestimento","status":"publish","type":"post","link":"https:\/\/quicosenza.it\/news\/cosenza-oltre-un-milione-per-le-case-popolari-di-via-popilia-deliberato-linvestimento\/","title":{"rendered":"Cosenza, oltre un milione per le case popolari di via Popilia. Deliberato l&#8217;investimento"},"content":{"rendered":"<p>COSENZA &#8211; &#8220;Ben<strong> oltre un milione di euro sono stati destinati a Via Popilia<\/strong> per la manutenzione e la riqualificazione delle abitazioni popolari, che versano in una situazione di estremo degrado. Prosegue, cos\u00ec, il nostro impegno volto alla valorizzazione di quartieri fino a ieri abbandonati a se stessi e che oggi si apprestano a vivere una nuova vita, foriera di tante opportunit\u00e0&#8221;. Lo annuncia il <strong>sindaco Franz Caruso<\/strong> a pochi giorni dalla pubblicazione sull&#8217;Albo pretorio del Comune del <strong><a href=\"https:\/\/quicosenza.it\/news\/area-urbana\/cosenza\/cosenza-riqualificazione-e-manutenzione-di-via-popilia-pubblicata-la-gara-per-lappalto\">bando di gara<\/a><\/strong> europea per l&#8217;appalto dei lavori, a seguito dell&#8217;approvazione del progetto esecutivo da parte della Giunta Comunale su proposta dell&#8217;assessore ai LLPP, Damiano Covelli.<\/p>\n<p>&#8220;Su via Popilia, in particolare \u2013 prosegue il sindaco Franz Caruso \u2013 che rappresenta il quartiere pi\u00f9 popoloso e popolare di Cosenza sono stati concentrati interventi complessivi di straordinaria valenza che consentiranno all&#8217;intera area di recuperare antichi e colpevoli ritardi. La nostra azione complessiva, infatti, \u00e8 volta a incoraggiare una vita di quartiere attiva e ben integrata con l&#8217;intero territorio cittadino favorendo integrazione e coesione sociale. Non a caso, accanto agli investimenti su via Popilia, il fulcro della iniziativa politico\/amministrativa messa in campo \u00e8 indirizzata alla <strong>rivitalizzazione di tutti i quartieri popolari di Cosenza<\/strong>, dalla citt\u00e0 vecchia a via degli stadi e a San Vito, cos\u00ec come alla creazione di una maggiore amalgama tra il cosiddetto centro cittadino e le periferie&#8221;.<\/p>\n<p>&#8220;Il lavoro da fare \u00e8 ancora tanto e <strong>la strada che dobbiamo percorrere \u00e8 ancora in salita<\/strong> \u2013 conclude il sindaco Franz Caruso \u2013 ma in soli 20 mesi di guida del Comune \u00e8 evidente ai pi\u00f9 il cambio di passo sostanziale che abbiamo impresso ed ancora di pi\u00f9 sar\u00e0 visibile nei prossimi mesi&#8221;.<\/p>\n<p>&#8220;Il progetto di manutenzione e riqualificazione a servizio delle abitazioni popolari di via Popilia \u2013 spiega l&#8217;assessore ai LLPP, Damiano Covelli \u2013 \u00e8 parte del programma straordinario di intervento per la riqualificazione urbana e la sicurezza delle periferie che stiamo portando avanti. Tant&#8217;\u00e8 che \u00e8 inserito nel <strong>Piano Triennale delle Opere Pubbliche 2022-2024,<\/strong> elenco annuale 2022. I fondi, per un milione e 180 mila euro di euro, sono indirizzati alla riqualificazione e valorizzazione urbana dei quartieri periferici. Il progetto si inserisce a pieno titolo nel mosaico di rigenerazione urbana che stiamo costruendo, volto a ridurre situazioni di emarginazione e degrado sociale&#8221;.<\/p>\n<h3>\u00a0Nuovo investimento su via Popilia: soddisfatti gli assessori<\/h3>\n<p>&#8220;L&#8217;Amministrazione comunale guidata dal sindaco Franz Caruso si \u00e8 resa protagonista di un nuovo corposo ed importante investimento su via Popilia. Di ci\u00f2 siamo particolarmente soddisfatti perch\u00e9 ancora una volta ed in maniera concreta si manifesta la volont\u00e0 politico\/amministrativa di dare finalmente attenzione e dignit\u00e0 a quartieri che per troppo tempo sono stati dimenticati dall&#8217;azione di governo cittadino&#8221;. Lo affermano in una nota gli <strong>assessori Francesco De Cicco e Pasquale Sconosciuto, ed i capigruppo, Francesco Gigliotti di Francesco De Cicco Sindaco, e Daniela Puzzo<\/strong>, di Cosenza Libera, in una nota congiunta in cui esprimono soddisfazione per la centralit\u00e0 che l&#8217;attuale Esecutivo Comunale, guidato da Franz Caruso, sta dando ai quartieri popolari della citt\u00e0.<\/p>\n<p>&#8220;Riqualificare e valorizzare i quartieri popolari di Cosenza \u2013 prosegue la nota \u2013 significa innanzitutto ridare dignit\u00e0 ai loro residenti, la maggior parte dei quali soffrono un<strong> disagio sociale ed economico<\/strong> che prescinde, in molti casi dalla loro volont\u00e0. L&#8217;azione portata avanti, inoltre, a favore di queste zone lasciate al degrado ed all&#8217;incuria, esprime un impegno determinato per migliorare l&#8217;immagine stessa della citt\u00e0 che pu\u00f2 crescere e svilupparsi solo se non lascia indietro chi \u00e8 meno fortunato di altri.<\/p>\n<p>In questo contesto \u00e8 parimenti importante rafforzare i legami ed i collegamenti tra i diversi quartieri della citt\u00e0 e tra questi ed il centro urbano, per <strong>rafforzarne l&#8217;identit\u00e0 e la coesione.<\/strong> Per fare ci\u00f2, per\u00f2, \u00e8 necessario anche l&#8217;impegno dei cittadini che devono sostenere questi processi di rigenerazione e valorizzazione del territorio, attraverso comportamenti civili e decorosi che rispettino e tutelino il patrimonio pubblico e non deturpandolo&#8221;.<\/p>\n<p>&#8220;Siamo <strong>soddisfatti di quanto \u00e8 stato avviato e portato avanti in questi primi 20 mesi<\/strong> dalla nostra amministrazione, guidata con lungimiranza dal sindaco Franz Caruso &#8211; concludono Francesco De Cicco, Pasquale Sconosciuto, Francesco Gigliotti e Daniela Puzzo \u2013 perch\u00e9 rispecchia sotto ogni punto di vista il nostro impegno politico per Cosenza ed i cosentini&#8221;.<\/p>\n","protected":false},"excerpt":{"rendered":"<p>COSENZA &#8211; &#8220;Ben oltre un milione di euro sono stati destinati a Via Popilia per la manutenzione e la riqualificazione delle abitazioni popolari, che versano in una situazione di estremo degrado. Prosegue, cos\u00ec, il nostro impegno volto alla valorizzazione di quartieri fino a ieri abbandonati a se stessi e che oggi si apprestano a vivere [&hellip;]<\/p>\n","protected":false},"author":58,"featured_media":208201,"comment_status":"closed","ping_status":"closed","sticky":false,"template":"","format":"standard","meta":{"_acf_changed":false,"footnotes":"","jetpack_publicize_message":"","jetpack_publicize_feature_enabled":true,"jetpack_social_post_already_shared":false,"jetpack_social_options":{"image_generator_settings":{"template":"highway","default_image_id":0,"font":"","enabled":false},"version":2}},"categories":[563,42],"tags":[19],"class_list":["post-208195","post","type-post","status-publish","format-standard","has-post-thumbnail","hentry","category-area-urbana","category-cosenza","tag-copertina"],"acf":[],"jetpack_publicize_connections":[],"_links":{"self":[{"href":"https:\/\/quicosenza.it\/news\/wp-json\/wp\/v2\/posts\/208195","targetHints":{"allow":["GET"]}}],"collection":[{"href":"https:\/\/quicosenza.it\/news\/wp-json\/wp\/v2\/posts"}],"about":[{"href":"https:\/\/quicosenza.it\/news\/wp-json\/wp\/v2\/types\/post"}],"author":[{"embeddable":true,"href":"https:\/\/quicosenza.it\/news\/wp-json\/wp\/v2\/users\/58"}],"replies":[{"embeddable":true,"href":"https:\/\/quicosenza.it\/news\/wp-json\/wp\/v2\/comments?post=208195"}],"version-history":[{"count":0,"href":"https:\/\/quicosenza.it\/news\/wp-json\/wp\/v2\/posts\/208195\/revisions"}],"wp:featuredmedia":[{"embeddable":true,"href":"https:\/\/quicosenza.it\/news\/wp-json\/wp\/v2\/media\/208201"}],"wp:attachment":[{"href":"https:\/\/quicosenza.it\/news\/wp-json\/wp\/v2\/media?parent=208195"}],"wp:term":[{"taxonomy":"category","embeddable":true,"href":"https:\/\/quicosenza.it\/news\/wp-json\/wp\/v2\/categories?post=208195"},{"taxonomy":"post_tag","embeddable":true,"href":"https:\/\/quicosenza.it\/news\/wp-json\/wp\/v2\/tags?post=208195"}],"curies":[{"name":"wp","href":"https:\/\/api.w.org\/{rel}","templated":true}]}}