{"id":208198,"date":"2023-08-02T20:00:45","date_gmt":"2023-08-02T18:00:45","guid":{"rendered":"https:\/\/www.quicosenza.it\/news\/?p=208198"},"modified":"2023-08-02T20:00:45","modified_gmt":"2023-08-02T18:00:45","slug":"franco-aceto-confermato-presidente-coldiretti-calabria-verso-nuove-sfide","status":"publish","type":"post","link":"https:\/\/quicosenza.it\/news\/franco-aceto-confermato-presidente-coldiretti-calabria-verso-nuove-sfide\/","title":{"rendered":"Franco Aceto confermato Presidente Coldiretti Calabria: \u00abverso nuove sfide\u00bb"},"content":{"rendered":"<p class=\"v1Default\">CATANZARO<b>\u00a0&#8211; Franco Aceto<\/b>\u00a0\u00e8 stato rieletto all\u2019unanimit\u00e0 Presidente di Coldiretti Calabria per il prossimo quinquennio. L\u2019elezione \u00e8 avvenuta durante l\u2019assemblea Regionale che si \u00e8 svolta al Popilia Country Resort dopo una intensa fase dei rinnovi che partiti dalle sezioni, hanno portato all\u2019elezione dei dirigenti delle Federazioni Provinciali, movimenti e associazioni.<\/p>\n<p class=\"v1Default\">E\u2019 stato eletto anche il nuovo Consiglio della Coldiretti Calabria, formato dallo stesso Franco Aceto e da:\u00a0<b>Fabio Borrello<\/b>\u00a0vice Presidente Regionale e Presidente della Federazione Interprovinciale Catanzaro, Crotone -Vibo Valentia,\u00a0<b>Enrico Parisi<\/b>\u00a0Presidente Provinciale Cosenza nonch\u00e9 Delegato Regionale di Giovani Impresa Coldiretti,\u00a0<b>Federica Basile<\/b>\u00a0Presidente della Federazione Provinciale di Reggio Calabria, e i componenti eletti:\u00a0<b>Vincenzo Abbruzzese<\/b>,\u00a0<b>Antonello Fonsi<\/b>,\u00a0<b>Antonio Genovese<\/b>,\u00a0<b>Pasquale Russo<\/b>,\u00a0<b>Giuseppe Porcelli<\/b>,\u00a0<b>Domenico Lavorata<\/b>,\u00a0<b>Maria Clara Zagarella<\/b>,<b>Francesco Fazio<\/b>,\u00a0<b>Filippo Maria Callipo,<\/b>\u00a0<b>Michelangelo Notarianni<\/b>,\u00a0<b>Salvatore Priolo<\/b>,\u00a0<b>Luigi Adinolfi<\/b>,\u00a0<b>Maria Antonietta Mascaro<\/b>\u00a0(Donne Impresa), ed\u00a0\u00a0<b>Elvira Leuzzi<\/b>\u00a0(Federpensionati)<\/p>\n<p>Il Presidente Franco Aceto, nel ringraziare tutti i dirigenti presenti, con una larga maggioranza di giovani, ha evidenziato la strategia lungimirante ed inclusiva di questi anni della maggiore organizzazione agricola nazionale e regionale che\u00a0\u00e8 cresciuta nei numeri, nell\u2019appeal e nella reputazione verso le Istituzioni e la societ\u00e0 civile.<\/p>\n<p>\u201cUna squadra di dirigenti determinata \u2013 ha continuato \u2013 che vuole raggiungere nuovi obiettivi. Ha ricordato il grande evento del Villaggio Contadino a Cosenza \u201cdove abbiamo dato prova di essere una realt\u00e0 solida e fondamentale per la nostra regione cos\u00ec come \u00e8 accaduto durante la pandemia, in cui gli agricoltori non si sono mai fermati, per garantire le forniture alimentari, quando era tutto bloccato\u201d. Il Presidente ha ulteriormente rimarcato il sempre pi\u00f9 stretto rapporto tra l\u2019etica delle convinzioni e l\u2019etica della responsabilit\u00e0 e ha confermato l\u2019impegno particolare per l\u2019affermazione della verit\u00e0 e della legalit\u00e0 a tutto campo per sconfiggere preconcetti e assicurare il giusto reddito agli agricoltori.<\/p>\n","protected":false},"excerpt":{"rendered":"<p>CATANZARO\u00a0&#8211; Franco Aceto\u00a0\u00e8 stato rieletto all\u2019unanimit\u00e0 Presidente di Coldiretti Calabria per il prossimo quinquennio. L\u2019elezione \u00e8 avvenuta durante l\u2019assemblea Regionale che si \u00e8 svolta al Popilia Country Resort dopo una intensa fase dei rinnovi che partiti dalle sezioni, hanno portato all\u2019elezione dei dirigenti delle Federazioni Provinciali, movimenti e associazioni. E\u2019 stato eletto anche il nuovo [&hellip;]<\/p>\n","protected":false},"author":58,"featured_media":208202,"comment_status":"closed","ping_status":"closed","sticky":false,"template":"","format":"standard","meta":{"_acf_changed":false,"footnotes":"","jetpack_publicize_message":"","jetpack_publicize_feature_enabled":true,"jetpack_social_post_already_shared":false,"jetpack_social_options":{"image_generator_settings":{"template":"highway","default_image_id":0,"font":"","enabled":false},"version":2}},"categories":[17],"tags":[],"class_list":["post-208198","post","type-post","status-publish","format-standard","has-post-thumbnail","hentry","category-calabria"],"acf":[],"jetpack_publicize_connections":[],"_links":{"self":[{"href":"https:\/\/quicosenza.it\/news\/wp-json\/wp\/v2\/posts\/208198","targetHints":{"allow":["GET"]}}],"collection":[{"href":"https:\/\/quicosenza.it\/news\/wp-json\/wp\/v2\/posts"}],"about":[{"href":"https:\/\/quicosenza.it\/news\/wp-json\/wp\/v2\/types\/post"}],"author":[{"embeddable":true,"href":"https:\/\/quicosenza.it\/news\/wp-json\/wp\/v2\/users\/58"}],"replies":[{"embeddable":true,"href":"https:\/\/quicosenza.it\/news\/wp-json\/wp\/v2\/comments?post=208198"}],"version-history":[{"count":0,"href":"https:\/\/quicosenza.it\/news\/wp-json\/wp\/v2\/posts\/208198\/revisions"}],"wp:featuredmedia":[{"embeddable":true,"href":"https:\/\/quicosenza.it\/news\/wp-json\/wp\/v2\/media\/208202"}],"wp:attachment":[{"href":"https:\/\/quicosenza.it\/news\/wp-json\/wp\/v2\/media?parent=208198"}],"wp:term":[{"taxonomy":"category","embeddable":true,"href":"https:\/\/quicosenza.it\/news\/wp-json\/wp\/v2\/categories?post=208198"},{"taxonomy":"post_tag","embeddable":true,"href":"https:\/\/quicosenza.it\/news\/wp-json\/wp\/v2\/tags?post=208198"}],"curies":[{"name":"wp","href":"https:\/\/api.w.org\/{rel}","templated":true}]}}