{"id":208234,"date":"2023-08-06T07:00:08","date_gmt":"2023-08-06T05:00:08","guid":{"rendered":"https:\/\/www.quicosenza.it\/news\/?p=208234"},"modified":"2023-08-03T09:57:17","modified_gmt":"2023-08-03T07:57:17","slug":"ritardi-dei-pagamenti-nella-sanita-calabrese-la-regione-rischia-il-contenzioso-scutella-si-eviti","status":"publish","type":"post","link":"https:\/\/quicosenza.it\/news\/ritardi-dei-pagamenti-nella-sanita-calabrese-la-regione-rischia-il-contenzioso-scutella-si-eviti\/","title":{"rendered":"Ritardi dei pagamenti nella sanit\u00e0 calabrese, la Regione rischia il contenzioso. Scutell\u00e0: \u00absi eviti\u00bb"},"content":{"rendered":"<p class=\"v1MsoNormal\">ROMA &#8211; \u00abStupisce l&#8217;indifferenza del governo rispetto ad una procedura d&#8217;infrazione che vede la nostra Regione protagonista in negativo a causa della violazione della direttiva 2011\/7\/UE in relazione ai pagamenti dovuti dal servizio sanitario della regione Calabria\u00bb.<\/p>\n<p class=\"v1MsoNormal\">Lo dichiara in una nota la <strong>deputata del Movimento 5 Stelle, Elisa Scutell\u00e0,<\/strong> Capogruppo in Commissione politiche dell&#8217;Ue.<\/p>\n<p class=\"v1MsoNormal\">\u00abInfatti, a met\u00e0 aprile 2023, la Commissione Ue ha inviato una lettera di costituzione in mora all&#8217;Italia ex art. 258 TFUE, con parere motivato, per la non corretta attuazione delle norme sui ritardi di pagamento, avviando la<strong> procedura di infrazione n. 2023\/4001<\/strong>.<\/p>\n<p class=\"v1MsoNormal\">Con il mio odg -prosegue la Scutell\u00e0 &#8211; chiedevo al governo di evitare di arrivare alla fase contenziosa della procedura ed intervenire senza indugio nei confronti della Regione Calabria affinch\u00e9 ponga in essere<strong> tutte le misure urgenti<\/strong> per rimediare ai consistenti ritardi dei pagamenti nell&#8217;ambito del settore sanitario regionale.<\/p>\n<p class=\"v1MsoNormal\">A quanto pare, <strong>la questione non \u00e8 prioritaria n\u00e9 per il governo centrale n\u00e9 per quello regionale<\/strong> a cui sembra non interessare che tali ritardi producano effetti negativi, spesso irrimediabili, sulle imprese che fanno affidamento su pagamenti regolari per poter funzionare e mantenere i livelli di occupazione. Alla sanit\u00e0 calabrese gi\u00e0 a pezzi dove il diritto alla salute viene calpestato quotidianamente, si aggiunge la cultura del &#8220;pagher\u00f2&#8221;. Una disfatta\u00bb conclude la Scutell\u00e0.<\/p>\n","protected":false},"excerpt":{"rendered":"<p>ROMA &#8211; \u00abStupisce l&#8217;indifferenza del governo rispetto ad una procedura d&#8217;infrazione che vede la nostra Regione protagonista in negativo a causa della violazione della direttiva 2011\/7\/UE in relazione ai pagamenti dovuti dal servizio sanitario della regione Calabria\u00bb. Lo dichiara in una nota la deputata del Movimento 5 Stelle, Elisa Scutell\u00e0, Capogruppo in Commissione politiche dell&#8217;Ue. [&hellip;]<\/p>\n","protected":false},"author":58,"featured_media":207074,"comment_status":"closed","ping_status":"closed","sticky":false,"template":"","format":"standard","meta":{"_acf_changed":false,"footnotes":"","jetpack_publicize_message":"","jetpack_publicize_feature_enabled":true,"jetpack_social_post_already_shared":false,"jetpack_social_options":{"image_generator_settings":{"template":"highway","default_image_id":0,"font":"","enabled":false},"version":2}},"categories":[17],"tags":[19],"class_list":["post-208234","post","type-post","status-publish","format-standard","has-post-thumbnail","hentry","category-calabria","tag-copertina"],"acf":[],"jetpack_publicize_connections":[],"_links":{"self":[{"href":"https:\/\/quicosenza.it\/news\/wp-json\/wp\/v2\/posts\/208234","targetHints":{"allow":["GET"]}}],"collection":[{"href":"https:\/\/quicosenza.it\/news\/wp-json\/wp\/v2\/posts"}],"about":[{"href":"https:\/\/quicosenza.it\/news\/wp-json\/wp\/v2\/types\/post"}],"author":[{"embeddable":true,"href":"https:\/\/quicosenza.it\/news\/wp-json\/wp\/v2\/users\/58"}],"replies":[{"embeddable":true,"href":"https:\/\/quicosenza.it\/news\/wp-json\/wp\/v2\/comments?post=208234"}],"version-history":[{"count":0,"href":"https:\/\/quicosenza.it\/news\/wp-json\/wp\/v2\/posts\/208234\/revisions"}],"wp:featuredmedia":[{"embeddable":true,"href":"https:\/\/quicosenza.it\/news\/wp-json\/wp\/v2\/media\/207074"}],"wp:attachment":[{"href":"https:\/\/quicosenza.it\/news\/wp-json\/wp\/v2\/media?parent=208234"}],"wp:term":[{"taxonomy":"category","embeddable":true,"href":"https:\/\/quicosenza.it\/news\/wp-json\/wp\/v2\/categories?post=208234"},{"taxonomy":"post_tag","embeddable":true,"href":"https:\/\/quicosenza.it\/news\/wp-json\/wp\/v2\/tags?post=208234"}],"curies":[{"name":"wp","href":"https:\/\/api.w.org\/{rel}","templated":true}]}}