{"id":208239,"date":"2023-08-03T10:50:14","date_gmt":"2023-08-03T08:50:14","guid":{"rendered":"https:\/\/www.quicosenza.it\/news\/?p=208239"},"modified":"2023-08-03T13:25:25","modified_gmt":"2023-08-03T11:25:25","slug":"primo-stop-allestate-in-calabria-fine-settimana-con-piogge-rovesci-e-crollo-delle-temperature","status":"publish","type":"post","link":"https:\/\/quicosenza.it\/news\/primo-stop-allestate-in-calabria-fine-settimana-con-piogge-rovesci-e-crollo-delle-temperature\/","title":{"rendered":"Primo stop all&#8217;estate in Calabria. Fine settimana con piogge, rovesci e crollo delle temperature"},"content":{"rendered":"<p>COSENZA &#8211; Stop all&#8217;estate in Calabria e al caldo afoso delle ultime settimane per almeno 3 giorni. La notizia meteo pi\u00f9 rilevante per la nostra regione, dopo <strong>settimane dominate dal caldo africano<\/strong> e con <a href=\"https:\/\/quicosenza.it\/news\/calabria\/caldo-rovente-senza-tregua-ma-il-peggio-arriva-lunedi-ci-aspettano-temperature-infernali\" target=\"_blank\" rel=\"noopener\">temperature record<\/a>, \u00e8 il<strong> ritorno delle piogge<\/strong>. Seppur sotto forma di <strong>acquazzoni e rovesci<\/strong> (ma anche con<strong> la possibilit\u00e0 di qualche temporale<\/strong>), nel primo fine settimana di agosto assisteremo ad una pausa dell&#8217;estate. Previsto un netto guasto del tempo provocato da una <strong>perturbazione atlantica<\/strong> che interesser\u00e0 prima le regioni del Nord e del Centro con fenomeni anche intensi, possibili nubifragi grandinate. Poi,<strong> l&#8217;aria fresca raggiunger\u00e0 a partire dalle prime ore di sabato anche le regioni<\/strong> del Sud dove, oltre ad un deciso calo delle temperature, si assister\u00e0 ad un rinforzo dei venti con<strong> aumento del moto ondoso<\/strong> e l&#8217;arrivo delle piogge.<\/p>\n<h3>Stop all&#8217;estate in Calabria. Poi torna il caldo africano<\/h3>\n<p>Proprio nel fine settimana, dunque, anche il Sud e la Calabria risentiranno degli strascichi di di quello che \u00e8 un vero e proprio <strong>ciclone atlantico,<\/strong> che in queste ore sta investendo l&#8217;Inghilterra con contesto decisamente pi\u00f9 dinamico. Tra sabato e domenica in Calabria sono <strong>previsti acquazzoni, rovesci e qualche temporale, con un vero e proprio crollo delle temperature anche di 10 gradi<\/strong>. I venti ruoteranno da nord ovest e l&#8217;<strong>arrivo del Maestrale,<\/strong> spazzer\u00e0 la calura africana che negli ultimi giorni era tornata a far sentire i suoi effetti. Tutto si risolver\u00e0 comunque nel giro di 48\/72 ore, visto che gi\u00e0 a<strong> partire dalla prossima settimana l&#8217;anticiclone africano sar\u00e0 nuovamente pronto a spostare la sua azione verso il Mediterraneo.\u00a0<\/strong><\/p>\n<p>&nbsp;<\/p>\n","protected":false},"excerpt":{"rendered":"<p>COSENZA &#8211; Stop all&#8217;estate in Calabria e al caldo afoso delle ultime settimane per almeno 3 giorni. La notizia meteo pi\u00f9 rilevante per la nostra regione, dopo settimane dominate dal caldo africano e con temperature record, \u00e8 il ritorno delle piogge. Seppur sotto forma di acquazzoni e rovesci (ma anche con la possibilit\u00e0 di qualche [&hellip;]<\/p>\n","protected":false},"author":55,"featured_media":208242,"comment_status":"closed","ping_status":"closed","sticky":false,"template":"","format":"standard","meta":{"_acf_changed":false,"footnotes":"","jetpack_publicize_message":"","jetpack_publicize_feature_enabled":true,"jetpack_social_post_already_shared":false,"jetpack_social_options":{"image_generator_settings":{"template":"highway","default_image_id":0,"font":"","enabled":false},"version":2}},"categories":[17],"tags":[19],"class_list":["post-208239","post","type-post","status-publish","format-standard","has-post-thumbnail","hentry","category-calabria","tag-copertina"],"acf":[],"jetpack_publicize_connections":[],"_links":{"self":[{"href":"https:\/\/quicosenza.it\/news\/wp-json\/wp\/v2\/posts\/208239","targetHints":{"allow":["GET"]}}],"collection":[{"href":"https:\/\/quicosenza.it\/news\/wp-json\/wp\/v2\/posts"}],"about":[{"href":"https:\/\/quicosenza.it\/news\/wp-json\/wp\/v2\/types\/post"}],"author":[{"embeddable":true,"href":"https:\/\/quicosenza.it\/news\/wp-json\/wp\/v2\/users\/55"}],"replies":[{"embeddable":true,"href":"https:\/\/quicosenza.it\/news\/wp-json\/wp\/v2\/comments?post=208239"}],"version-history":[{"count":0,"href":"https:\/\/quicosenza.it\/news\/wp-json\/wp\/v2\/posts\/208239\/revisions"}],"wp:featuredmedia":[{"embeddable":true,"href":"https:\/\/quicosenza.it\/news\/wp-json\/wp\/v2\/media\/208242"}],"wp:attachment":[{"href":"https:\/\/quicosenza.it\/news\/wp-json\/wp\/v2\/media?parent=208239"}],"wp:term":[{"taxonomy":"category","embeddable":true,"href":"https:\/\/quicosenza.it\/news\/wp-json\/wp\/v2\/categories?post=208239"},{"taxonomy":"post_tag","embeddable":true,"href":"https:\/\/quicosenza.it\/news\/wp-json\/wp\/v2\/tags?post=208239"}],"curies":[{"name":"wp","href":"https:\/\/api.w.org\/{rel}","templated":true}]}}