{"id":208273,"date":"2023-08-03T13:57:06","date_gmt":"2023-08-03T11:57:06","guid":{"rendered":"https:\/\/www.quicosenza.it\/news\/?p=208273"},"modified":"2023-08-03T13:57:06","modified_gmt":"2023-08-03T11:57:06","slug":"cosenza-franco-abruzzo-compie-84-anni-il-sindaco-fa-gli-auguri-al-giornalista-cosentino","status":"publish","type":"post","link":"https:\/\/quicosenza.it\/news\/cosenza-franco-abruzzo-compie-84-anni-il-sindaco-fa-gli-auguri-al-giornalista-cosentino\/","title":{"rendered":"Cosenza: Franco Abruzzo compie 84 anni, il sindaco fa gli auguri al giornalista cosentino"},"content":{"rendered":"<p>COSENZA &#8211; \u201cOggi \u2013 ha sottolineato in una dichiarazione il Sindaco Franz Caruso &#8211; compie gli anni un grande cosentino, il <strong>giornalista Franco Abruzzo<\/strong>, <strong>Presidente per quasi 20 anni dell&#8217;Ordine dei giornalisti della Lombardia<\/strong>. Nato nella nostra citt\u00e0, si trasfer\u00ec a Milano tanto tempo fa, distinguendosi per la sua attivit\u00e0 professionale messa al servizio non solo del Giornalismo con la maiuscola, ma anche per gli insegnamenti dispensati a piene mani ad intere generazioni di praticanti giornalisti che grazie ai suoi manuali e codici dell&#8217;informazione e della comunicazione sono stati accompagnati all&#8217;esame professionale abbracciando definitivamente la carriera giornalistica.<\/p>\n<p>Oggi, da sindaco della citt\u00e0 dove Franco Abruzzo \u00e8 nato e dalla quale non si \u00e8 mai staccato, mantenendo <strong>con Cosenza un legame strettissimo<\/strong>, intendo formulare a lui i pi\u00f9 sinceri auguri dell&#8217;Amministrazione comunale per il suo ottantaquattresimo compleanno. Maestro di giornalismo nel senso pi\u00f9 pieno del termine, Franco Abruzzo \u2013 ha aggiunto Franz Caruso \u2013 rappresenta un grande esempio di rigore professionale. Quel rigore che ne ha permeato da sempre la figura e l&#8217;impegno.<\/p>\n<p>Un impegno volto da un lato a modernizzare ed innovare una professione bisognevole di stare al passo con i tempi e con i cambiamenti in atto, dall&#8217;altro battendosi in ogni circostanza per la riaffermazione dei principi deontologici al cui pieno rispetto deve richiamarsi chiunque intenda abbracciare il cammino e la professione di giornalista. Questa <strong>piena adesione ai capisaldi della<\/strong> <strong>deontologia professionale<\/strong> ha sempre caratterizzato il suo agire, da componente del Consiglio nazionale dell&#8217;Ordine, da Presidente dell&#8217;Ordine dei giornalisti della Lombardia, nelle aule universitarie nelle quali ha insegnato e nei saggi e manuali che ha scritto per formare i giornalisti di ieri, di oggi e di domani. <strong>A lui esprimiamo grande riconoscenza per tutto quello che ha fatto<\/strong> e continua a fare e per aver orgogliosamente rappresentato la nostra citt\u00e0 ai pi\u00f9 alti livelli. Ancora auguri da tutta la comunit\u00e0 cosentina\u201d.<\/p>\n","protected":false},"excerpt":{"rendered":"<p>COSENZA &#8211; \u201cOggi \u2013 ha sottolineato in una dichiarazione il Sindaco Franz Caruso &#8211; compie gli anni un grande cosentino, il giornalista Franco Abruzzo, Presidente per quasi 20 anni dell&#8217;Ordine dei giornalisti della Lombardia. Nato nella nostra citt\u00e0, si trasfer\u00ec a Milano tanto tempo fa, distinguendosi per la sua attivit\u00e0 professionale messa al servizio non [&hellip;]<\/p>\n","protected":false},"author":58,"featured_media":208274,"comment_status":"closed","ping_status":"closed","sticky":false,"template":"","format":"standard","meta":{"_acf_changed":false,"footnotes":"","jetpack_publicize_message":"","jetpack_publicize_feature_enabled":true,"jetpack_social_post_already_shared":false,"jetpack_social_options":{"image_generator_settings":{"template":"highway","default_image_id":0,"font":"","enabled":false},"version":2}},"categories":[563,42],"tags":[],"class_list":["post-208273","post","type-post","status-publish","format-standard","has-post-thumbnail","hentry","category-area-urbana","category-cosenza"],"acf":[],"jetpack_publicize_connections":[],"_links":{"self":[{"href":"https:\/\/quicosenza.it\/news\/wp-json\/wp\/v2\/posts\/208273","targetHints":{"allow":["GET"]}}],"collection":[{"href":"https:\/\/quicosenza.it\/news\/wp-json\/wp\/v2\/posts"}],"about":[{"href":"https:\/\/quicosenza.it\/news\/wp-json\/wp\/v2\/types\/post"}],"author":[{"embeddable":true,"href":"https:\/\/quicosenza.it\/news\/wp-json\/wp\/v2\/users\/58"}],"replies":[{"embeddable":true,"href":"https:\/\/quicosenza.it\/news\/wp-json\/wp\/v2\/comments?post=208273"}],"version-history":[{"count":0,"href":"https:\/\/quicosenza.it\/news\/wp-json\/wp\/v2\/posts\/208273\/revisions"}],"wp:featuredmedia":[{"embeddable":true,"href":"https:\/\/quicosenza.it\/news\/wp-json\/wp\/v2\/media\/208274"}],"wp:attachment":[{"href":"https:\/\/quicosenza.it\/news\/wp-json\/wp\/v2\/media?parent=208273"}],"wp:term":[{"taxonomy":"category","embeddable":true,"href":"https:\/\/quicosenza.it\/news\/wp-json\/wp\/v2\/categories?post=208273"},{"taxonomy":"post_tag","embeddable":true,"href":"https:\/\/quicosenza.it\/news\/wp-json\/wp\/v2\/tags?post=208273"}],"curies":[{"name":"wp","href":"https:\/\/api.w.org\/{rel}","templated":true}]}}