{"id":208352,"date":"2023-08-04T20:30:12","date_gmt":"2023-08-04T18:30:12","guid":{"rendered":"https:\/\/www.quicosenza.it\/news\/?p=208352"},"modified":"2023-08-04T19:43:26","modified_gmt":"2023-08-04T17:43:26","slug":"straface-sulla-scuola-la-regione-non-ha-operato-nessun-taglio","status":"publish","type":"post","link":"https:\/\/quicosenza.it\/news\/straface-sulla-scuola-la-regione-non-ha-operato-nessun-taglio\/","title":{"rendered":"Straface: \u00absulla scuola la Regione non ha operato nessun taglio\u00bb"},"content":{"rendered":"<p>CATANZARO &#8211; &#8220;Una tematica importante come <strong>quella della scuola e del diritto all&#8217;istruzione non pu\u00f2 e non deve essere oggetto di strumentalizzazione politica e di tentativi di sviare l&#8217;opinione pubblica<\/strong> con affermazioni mendaci, bisogna invece apprezzare il lavoro che questo governo guidato dal Presidente Occhiuto sta portando avanti con caparbiet\u00e0 nell&#8217;interesse esclusivo dei calabresi&#8221;. Questo il commento dell&#8217;<strong>Onorevole Pasqualina Straface, Presidente della Terza Commissione Regionale Sanit\u00e0, Attivit\u00e0 Sociali, Culturali e Formative<\/strong> in merito all&#8217;approvazione nel Consiglio Regionale del 3 agosto che ha approvato le linee guida 2023\/2025 per quanto riguarda il dimensionamento scolastico.<\/p>\n<p>&#8220;Sia in aula che sui media l&#8217;opposizione sta continuando a parlare di tagli e di ridimensionamento scolastico, ma ovviamente le cose non stanno cos\u00ec. <strong>Quelle approvate ieri sono le linee guida, frutto del grande lavoro portato avanti dalla Vice Presidente Princi insieme al Dipartimento Istruzione, che serviranno alle Province e alle Citt\u00e0 Metropolitane per redigere i rispettivi piani di dimensionamento scolastico,<\/strong> ma in alcun modo la Regione ha approvato tagli o chiusure di qualsiasi tipo, come artatamente le opposizioni stanno artatamente cercando di spiegare. Anzi, i criteri approvati vanno nella direzione indicata dal Governo Draghi, di cui il Partito Democratico era parte integrante.<\/p>\n<p>Con questi nuovi indicatori <strong>\u00e8 stato possibile ad esempio scongiurare la chiusura di un Istituto Superiore di Longobucco,<\/strong> comune colpito recentemente da un enorme problema di viabilit\u00e0, la cui popolazione studentesca sarebbe stata costretta al pendolarismo in condizioni critiche, cos\u00ec come sar\u00e0 possibile tutelare altre aree interne e svantaggiate. <strong>La realt\u00e0 \u00e8 che finalmente si mette mano al comparto scuola, che aspetta dal 2012 un dimensionamento efficace capace di salvaguardare i comuni pi\u00f9 svantaggiati<\/strong> e al tempo stesso di creare una rete di istituti superiori legati alle vocazioni dei territori, al fine di combattere la dispersione scolastica e garantire il diritto allo studio a tutti i cittadini calabresi&#8221;.<\/p>\n","protected":false},"excerpt":{"rendered":"<p>CATANZARO &#8211; &#8220;Una tematica importante come quella della scuola e del diritto all&#8217;istruzione non pu\u00f2 e non deve essere oggetto di strumentalizzazione politica e di tentativi di sviare l&#8217;opinione pubblica con affermazioni mendaci, bisogna invece apprezzare il lavoro che questo governo guidato dal Presidente Occhiuto sta portando avanti con caparbiet\u00e0 nell&#8217;interesse esclusivo dei calabresi&#8221;. Questo [&hellip;]<\/p>\n","protected":false},"author":61,"featured_media":203942,"comment_status":"closed","ping_status":"closed","sticky":false,"template":"","format":"standard","meta":{"_acf_changed":false,"footnotes":"","jetpack_publicize_message":"","jetpack_publicize_feature_enabled":true,"jetpack_social_post_already_shared":false,"jetpack_social_options":{"image_generator_settings":{"template":"highway","default_image_id":0,"font":"","enabled":false},"version":2}},"categories":[17,1],"tags":[19],"class_list":["post-208352","post","type-post","status-publish","format-standard","has-post-thumbnail","hentry","category-calabria","category-senza-categoria","tag-copertina"],"acf":[],"jetpack_publicize_connections":[],"_links":{"self":[{"href":"https:\/\/quicosenza.it\/news\/wp-json\/wp\/v2\/posts\/208352","targetHints":{"allow":["GET"]}}],"collection":[{"href":"https:\/\/quicosenza.it\/news\/wp-json\/wp\/v2\/posts"}],"about":[{"href":"https:\/\/quicosenza.it\/news\/wp-json\/wp\/v2\/types\/post"}],"author":[{"embeddable":true,"href":"https:\/\/quicosenza.it\/news\/wp-json\/wp\/v2\/users\/61"}],"replies":[{"embeddable":true,"href":"https:\/\/quicosenza.it\/news\/wp-json\/wp\/v2\/comments?post=208352"}],"version-history":[{"count":0,"href":"https:\/\/quicosenza.it\/news\/wp-json\/wp\/v2\/posts\/208352\/revisions"}],"wp:featuredmedia":[{"embeddable":true,"href":"https:\/\/quicosenza.it\/news\/wp-json\/wp\/v2\/media\/203942"}],"wp:attachment":[{"href":"https:\/\/quicosenza.it\/news\/wp-json\/wp\/v2\/media?parent=208352"}],"wp:term":[{"taxonomy":"category","embeddable":true,"href":"https:\/\/quicosenza.it\/news\/wp-json\/wp\/v2\/categories?post=208352"},{"taxonomy":"post_tag","embeddable":true,"href":"https:\/\/quicosenza.it\/news\/wp-json\/wp\/v2\/tags?post=208352"}],"curies":[{"name":"wp","href":"https:\/\/api.w.org\/{rel}","templated":true}]}}