{"id":208386,"date":"2023-08-04T19:42:53","date_gmt":"2023-08-04T17:42:53","guid":{"rendered":"https:\/\/www.quicosenza.it\/news\/?p=208386"},"modified":"2023-08-04T19:42:53","modified_gmt":"2023-08-04T17:42:53","slug":"maltempo-sullesodo-bollino-nero-con-pioggia-e-vento-allerta-gialla-in-calabria","status":"publish","type":"post","link":"https:\/\/quicosenza.it\/news\/maltempo-sullesodo-bollino-nero-con-pioggia-e-vento-allerta-gialla-in-calabria\/","title":{"rendered":"Maltempo sull&#8217;esodo, bollino nero con pioggia e vento. Allerta gialla in Calabria"},"content":{"rendered":"<p>ROMA &#8211;<strong> Esodo estivo con <a href=\"https:\/\/quicosenza.it\/news\/calabria\/calabria-il-primo-esodo-dagosto-bollino-nero-sulle-strade-calabresi\" target=\"_blank\" rel=\"noopener\">bollino nero<\/a> e maltempo<\/strong>. L&#8217;inizio del weekend per i venti milioni di italiani in viaggio prevede traffico molto intenso in direzione sud e temporali e vento al centro-nord per il primo fine settimana d&#8217;agosto anche se al momento l&#8217;ondata di maltempo che dovrebbe portare 3 giorni di clima autunnale sull&#8217;Italia non ha avuto la portata annunciata. Ma \u00e8 solo un anticipo di quello che si prevede avverr\u00e0 sulle autostrade domani, in particolare durante la mattinata.<\/p>\n<p><strong>Sabato<\/strong> viene infatti considerato <strong>il giorno pi\u00f9 congestionato dell&#8217;estate,<\/strong> l&#8217;unico contraddistinto dal <strong>bollino nero per il grande esodo<\/strong> ovvero quasi venti milioni di italiani che si mettono in viaggio lungo la rete gestita da Autostrade per l&#8217;Italia. Nel weekend si assister\u00e0 anche ad un calo delle temperature con rovesci sparsi anche in Calabria. La protezione civile regionale ha diramato l&#8217;allerta gialla per domani 5 agosto.<\/p>\n<p><img loading=\"lazy\" decoding=\"async\" class=\" wp-image-208387 aligncenter\" src=\"https:\/\/quicosenza.it\/news\/wp-content\/uploads\/2023\/08\/allerta-gialla-calabria-300x131.png\" alt=\"allerta-gialla-calabria\" width=\"380\" height=\"166\" title=\"\" srcset=\"https:\/\/quicosenza.it\/news\/wp-content\/uploads\/2023\/08\/allerta-gialla-calabria-300x131.png 300w, https:\/\/quicosenza.it\/news\/wp-content\/uploads\/2023\/08\/allerta-gialla-calabria-150x65.png 150w, https:\/\/quicosenza.it\/news\/wp-content\/uploads\/2023\/08\/allerta-gialla-calabria-696x303.png 696w, https:\/\/quicosenza.it\/news\/wp-content\/uploads\/2023\/08\/allerta-gialla-calabria.png 762w\" sizes=\"auto, (max-width: 380px) 100vw, 380px\" \/><\/p>\n<h3><strong>Disagi da maltempo, esodo con pioggia e vento<\/strong><\/h3>\n<p>I vacanzieri partiranno dalle grandi citt\u00e0 per raggiungere le localit\u00e0 di villeggiatura, per lo pi\u00f9 in direzione sud. <strong>Vento e pioggia gi\u00e0 dalla notte hanno cominciato a flagellare nuovamente alcune zone del Friuli Venezia Giulia e del Veneto.<\/strong> All&#8217;alba tre gruppi di turisti stranieri, per un totale di 14 persone, sono stati sorpresi dalla piena del fiume Tagliamento. Sono stati salvati nella zona di Varmo, in provincia di Udine, dai vigili del fuoco. Nella maggioranza dei casi le loro auto erano state invase dall&#8217;acqua del fiume ingrossato dalle abbondanti precipitazioni. <strong>Allagamenti diffusi e vento forte<\/strong> hanno sradicato alberi e cartelli stradali a Pordenone e provincia danneggiando le auto parcheggiate. Alcune strade sono state chiuse per la caduta di rami o alti fusti.<\/p>\n<p>Disagi pi\u00f9 lievi nelle province di Udine e Gorizia. In Veneto \u00e8 stata nuova colpita la zona di Pieve di Soligo, dove il maltempo ha provocato ancora danni e scoperchiato tetti di capannoni. In Lombardia, in Val di Mello, in provincia di Sondrio, nella notte i tecnici del soccorso alpino hanno salvato due giovani alpinisti, un uomo e una donna, rimasti bloccati in parete a causa di un temporale. I due, residenti in Brianza, non potevano n\u00e8 scendere n\u00e8 proseguire ed hanno cos\u00ec lanciato l&#8217;allarme. Appena c&#8217;\u00e8 stato un miglioramento del tempo \u00e8 intervenuto l&#8217;elisoccorso e gli alpinisti sono stati recuperati con il verricello.<\/p>\n<p>Anche nella provincia di Varese pioggia e vento hanno provocato danni e disagi. A Luino un pino marittimo \u00e8 crollato nel cuore della notte travolgendo un palo della luce e chiudendo l&#8217;accesso ad una strada. Il traffico \u00e8 rimasto bloccato per diverse ore. Nel pomeriggio un <strong>violento temporale si \u00e8 abbattuto su alcune zone di Roma<\/strong> mentre l&#8217;annunciata tempesta con tanto di grandine che doveva colpire Milano finora non si \u00e8 manifestata. Ma l&#8217;allerta nel capoluogo lombardo resta alta visto che le previsioni danno un peggioramento in serata. Il Comune, per precauzione, vista la strage di alberi verificatasi nell&#8217;ultima ondata di maltempo che ha colpito la citt\u00e0, ha vietato l&#8217;accesso alle aree verdi non recintate e chiuso i cimiteri e i mercati in zone alberate.<\/p>\n<p>Rientrato l&#8217;allarme per le Marche che da arancione e sceso a giallo. Resta quindi <strong>l&#8217;allerta arancione per il Veneto<\/strong> e<strong> gialla per temporali in Abruzzo, Basilicata, Calabria, Campania, Emilia Romagna<\/strong>. Friuli Venezia Giulia, Lazio, Lombardia, Molise, Puglia, Sicilia, Toscana, Umbria. Una situazione che potrebbe incidere ulteriormente sul traffico, gi\u00e0 sostenuto nella giornata di oggi sulle principali direttrici autostradali. Le pi\u00f9&#8217; trafficate, la A1 Milano-Napoli e la A14 Bologna-Taranto, in direzione Sud. Code fino a 9 chilometri si sono verificate tra lo snodo tra A24 Roma-Teramo e la diramazione Roma Sud dell&#8217;A1. Code anche sullo snodo di Firenze, in particolare a Calenzano, Incisa- Reggello e Valdarno. Fino a due ore d&#8217;attesa per gli automobilisti che hanno dovuto percorrere il Traforo del Monte Bianco.<\/p>\n","protected":false},"excerpt":{"rendered":"<p>ROMA &#8211; Esodo estivo con bollino nero e maltempo. L&#8217;inizio del weekend per i venti milioni di italiani in viaggio prevede traffico molto intenso in direzione sud e temporali e vento al centro-nord per il primo fine settimana d&#8217;agosto anche se al momento l&#8217;ondata di maltempo che dovrebbe portare 3 giorni di clima autunnale sull&#8217;Italia [&hellip;]<\/p>\n","protected":false},"author":58,"featured_media":208388,"comment_status":"closed","ping_status":"closed","sticky":false,"template":"","format":"standard","meta":{"_acf_changed":false,"footnotes":"","jetpack_publicize_message":"","jetpack_publicize_feature_enabled":true,"jetpack_social_post_already_shared":false,"jetpack_social_options":{"image_generator_settings":{"template":"highway","default_image_id":0,"font":"","enabled":false},"version":2}},"categories":[17],"tags":[19],"class_list":["post-208386","post","type-post","status-publish","format-standard","has-post-thumbnail","hentry","category-calabria","tag-copertina"],"acf":[],"jetpack_publicize_connections":[],"_links":{"self":[{"href":"https:\/\/quicosenza.it\/news\/wp-json\/wp\/v2\/posts\/208386","targetHints":{"allow":["GET"]}}],"collection":[{"href":"https:\/\/quicosenza.it\/news\/wp-json\/wp\/v2\/posts"}],"about":[{"href":"https:\/\/quicosenza.it\/news\/wp-json\/wp\/v2\/types\/post"}],"author":[{"embeddable":true,"href":"https:\/\/quicosenza.it\/news\/wp-json\/wp\/v2\/users\/58"}],"replies":[{"embeddable":true,"href":"https:\/\/quicosenza.it\/news\/wp-json\/wp\/v2\/comments?post=208386"}],"version-history":[{"count":0,"href":"https:\/\/quicosenza.it\/news\/wp-json\/wp\/v2\/posts\/208386\/revisions"}],"wp:featuredmedia":[{"embeddable":true,"href":"https:\/\/quicosenza.it\/news\/wp-json\/wp\/v2\/media\/208388"}],"wp:attachment":[{"href":"https:\/\/quicosenza.it\/news\/wp-json\/wp\/v2\/media?parent=208386"}],"wp:term":[{"taxonomy":"category","embeddable":true,"href":"https:\/\/quicosenza.it\/news\/wp-json\/wp\/v2\/categories?post=208386"},{"taxonomy":"post_tag","embeddable":true,"href":"https:\/\/quicosenza.it\/news\/wp-json\/wp\/v2\/tags?post=208386"}],"curies":[{"name":"wp","href":"https:\/\/api.w.org\/{rel}","templated":true}]}}