{"id":208460,"date":"2023-08-06T15:31:47","date_gmt":"2023-08-06T13:31:47","guid":{"rendered":"https:\/\/www.quicosenza.it\/news\/?p=208460"},"modified":"2023-08-06T15:32:37","modified_gmt":"2023-08-06T13:32:37","slug":"cumuli-di-rifiuti-bruciano-in-citta-in-fiamme-unauto-video","status":"publish","type":"post","link":"https:\/\/quicosenza.it\/news\/cumuli-di-rifiuti-bruciano-in-citta-in-fiamme-unauto-video\/","title":{"rendered":"Cumuli di rifiuti bruciano in citt\u00e0, in fiamme un&#8217;auto &#8211; VIDEO"},"content":{"rendered":"<p>REGGIO CALABRIA &#8211; <strong>Un cumulo di rifiuti abbandonato sul viale Calabria, a Reggio Calabria, ha preso fuoco <\/strong>vicino ad un&#8217;autovettura parcheggiata l\u00ec davanti questa mattina. Una squadra di vigili del fuoco \u00e8 immediatamente intervenuta non appena ricevuta la chiamata dalla sala operativa provinciale, ma l<strong>e fiamme avevano gi\u00e0 aggredito l&#8217;autovettura in sosta.<\/strong> Si tratta dell&#8217;ennesimo episodio a Reggio, segno di una cattiva gestione dei rifiuti e che sta creando molteplici disagi nella citt\u00e0 metropolitana.<\/p>\n<div style=\"width: 480px;\" class=\"wp-video\"><video class=\"wp-video-shortcode\" id=\"video-208460-1\" width=\"480\" height=\"864\" preload=\"metadata\" controls=\"controls\"><source type=\"video\/mp4\" src=\"https:\/\/quicosenza.it\/news\/wp-content\/uploads\/2023\/08\/video-rifiuti-che-bruciano_reggio.mp4?_=1\" \/><a href=\"https:\/\/quicosenza.it\/news\/wp-content\/uploads\/2023\/08\/video-rifiuti-che-bruciano_reggio.mp4\">https:\/\/quicosenza.it\/news\/wp-content\/uploads\/2023\/08\/video-rifiuti-che-bruciano_reggio.mp4<\/a><\/video><\/div>\n","protected":false},"excerpt":{"rendered":"<p>REGGIO CALABRIA &#8211; Un cumulo di rifiuti abbandonato sul viale Calabria, a Reggio Calabria, ha preso fuoco vicino ad un&#8217;autovettura parcheggiata l\u00ec davanti questa mattina. Una squadra di vigili del fuoco \u00e8 immediatamente intervenuta non appena ricevuta la chiamata dalla sala operativa provinciale, ma le fiamme avevano gi\u00e0 aggredito l&#8217;autovettura in sosta. Si tratta dell&#8217;ennesimo [&hellip;]<\/p>\n","protected":false},"author":58,"featured_media":208461,"comment_status":"closed","ping_status":"closed","sticky":false,"template":"","format":"video","meta":{"_acf_changed":false,"footnotes":"","jetpack_publicize_message":"","jetpack_publicize_feature_enabled":true,"jetpack_social_post_already_shared":false,"jetpack_social_options":{"image_generator_settings":{"template":"highway","default_image_id":0,"font":"","enabled":false},"version":2}},"categories":[17],"tags":[19],"class_list":["post-208460","post","type-post","status-publish","format-video","has-post-thumbnail","hentry","category-calabria","tag-copertina","post_format-post-format-video"],"acf":[],"jetpack_publicize_connections":[],"_links":{"self":[{"href":"https:\/\/quicosenza.it\/news\/wp-json\/wp\/v2\/posts\/208460","targetHints":{"allow":["GET"]}}],"collection":[{"href":"https:\/\/quicosenza.it\/news\/wp-json\/wp\/v2\/posts"}],"about":[{"href":"https:\/\/quicosenza.it\/news\/wp-json\/wp\/v2\/types\/post"}],"author":[{"embeddable":true,"href":"https:\/\/quicosenza.it\/news\/wp-json\/wp\/v2\/users\/58"}],"replies":[{"embeddable":true,"href":"https:\/\/quicosenza.it\/news\/wp-json\/wp\/v2\/comments?post=208460"}],"version-history":[{"count":0,"href":"https:\/\/quicosenza.it\/news\/wp-json\/wp\/v2\/posts\/208460\/revisions"}],"wp:featuredmedia":[{"embeddable":true,"href":"https:\/\/quicosenza.it\/news\/wp-json\/wp\/v2\/media\/208461"}],"wp:attachment":[{"href":"https:\/\/quicosenza.it\/news\/wp-json\/wp\/v2\/media?parent=208460"}],"wp:term":[{"taxonomy":"category","embeddable":true,"href":"https:\/\/quicosenza.it\/news\/wp-json\/wp\/v2\/categories?post=208460"},{"taxonomy":"post_tag","embeddable":true,"href":"https:\/\/quicosenza.it\/news\/wp-json\/wp\/v2\/tags?post=208460"}],"curies":[{"name":"wp","href":"https:\/\/api.w.org\/{rel}","templated":true}]}}