{"id":209049,"date":"2023-08-19T15:00:26","date_gmt":"2023-08-19T13:00:26","guid":{"rendered":"https:\/\/www.quicosenza.it\/news\/?p=209049"},"modified":"2023-08-19T07:07:25","modified_gmt":"2023-08-19T05:07:25","slug":"acquaformosa-prosegue-fino-al-27-agosto-il-festival-delle-migrazioni","status":"publish","type":"post","link":"https:\/\/quicosenza.it\/news\/acquaformosa-prosegue-fino-al-27-agosto-il-festival-delle-migrazioni\/","title":{"rendered":"Prosegue il Festival delle migrazioni, si chiude con il concerto dei 99 Posse"},"content":{"rendered":"<p>ACQUAFORMOSA (CS) &#8211; Dopo la partenza gioved\u00ec scorso andr\u00e0 avanti fino a domenica 27 il Festival delle Migrazioni che, per l&#8217;edizione 2023, ha come tema \u201cEsodo e approdo. Le comunit\u00e0 porto sicuro\u201d. Per il secondo anno le comunit\u00e0 che accolgono sono quelle che compongono il cartellone dell&#8217;edizione ovvero: <strong>Acquaformosa, Bisignano, Cerzeto, Rota Greca, San Basile, San Benedetto Ullano, San Sosti e Vaccarizzo Albanese.<\/strong><\/p>\n<p>Il ricco programma del Festival delle migrazioni, presentato in conferenza stampa nella Sala degli stemmi della Provincia di Cosenza \u00e8 partito gioved\u00ec con i Villazuk a Vaccarizzo Albanese e ieri a Bisignano con Badara Seck e Vuxhe Grash.<\/p>\n<p>Questa sera sar\u00e0 la vilta dei <strong>Kora beat<\/strong> a San Sosti mentre domani, il Banco<strong> del mutuo soccorso<\/strong>, sar\u00e0 in concerto ad Acquaformosa. Il festival riprender\u00e0 poi gioved\u00ec 24 agosto a San Basile con <strong>Badara Seck e Vuxhe Grash<\/strong>; venerd\u00ec 25 si va a Rota Greca con i <strong>Basta odio<\/strong>; sabato 26 sar\u00e0 la volta di San Benedetto Ullano con <strong>Peppe Voltarelli<\/strong> e gran finale, domenica 27, a <strong>Cerzeto con i 99 Posse<\/strong>. Tutti i concerti si terranno alla fine delle giornate di dibattito e inizieranno alle ore 22.<\/p>\n<p>&#8220;\u00c8 stato un anno difficile per quanto riguarda la Calabria &#8211; ha sottolineato\u00a0il presidente della associazione Don Vincenzo Matrangolo <strong>Giovanni Manoccio<\/strong> \u2013 per la <strong>tragedia<\/strong> che si \u00e8 consumata a <strong>Cutro.<\/strong> Questa tragedia ci ha fatto riflettere molto sull\u2019opportunit\u00e0 di chiedere giustizia e verit\u00e0 su quei fatti perch\u00e9 abbiamo ritenuto subito che ci fosse qualcosa che non fosse andata nel verso giusto. Noi riteniamo si sia consumato il reato di mancanza di soccorso. Proprio pochi giorni fa sono venute a galla le prime verit\u00e0 dove pare che, gi\u00e0 molte ore prima, la nave fosse stata intercettata da alcuni elicotteri&#8221;.<\/p>\n<p>&#8220;Abbiamo pensato questo festival &#8211; conclude Manoccio &#8211; partendo da un assunto, l\u2019esodo. Il perch\u00e9 si parte. Ne discuteremo all\u2019interno del festival nei nostri convegni e nei nostri seminari. I nostri operatori, negli ultimi anni, stanno riscontrando quanto le persone che arrivano da noi siano devastate fisicamente e psicologicamente. Nel festival vorremmo fare contro informazione partendo dalle nostre esperienze&#8221;.<\/p>\n<p>&#8220;Questo \u00e8 un festival diverso, \u00e8 un festival di pensiero, di contenuti \u2013 dice il sindaco di Cerzeto, <strong>Giuseppe Rizzo<\/strong> \u2013 Tutti quelli che partecipano al festival sono giovani, giovani che hanno la capacit\u00e0 di organizzarlo. Vorrei sottolineare come la maggior parte dei Comuni che partecipano al festival siano arbereshe perch\u00e9 l\u2019accoglienza \u00e8 nel nostro dna. Il prossimo anno magari potremmo chiudere il festival nella bellissima piazza XV Marzo qui a Cosenza. Altro tema del festival \u00e8 l\u2019approdo e l\u2019approdo va saputo gestire con cultura e passione, senza pregiudizi e noi siamo il giusto approdo&#8221;.<\/p>\n<p>&#8220;Il festival delle migrazioni non \u00e8 solo un festival &#8211; conclude il project manager di Officine delle idee <strong>Antonio Blandi<\/strong> &#8211; \u00e8 un anche laboratorio di idee, \u00e8 il momento in cui una delle pi\u00f9 importanti esperienze internazionali di accoglienza si rappresenta, si confronta e guarda al presente e al futuro. Il futuro che appartiene a tutti, non solo ai giovani. A furia di parlare di futuro ci dimentichiamo il presente, le cose da fare ora per rendere migliore il mondo&#8221;.<\/p>\n<p>&nbsp;<\/p>\n","protected":false},"excerpt":{"rendered":"<p>ACQUAFORMOSA (CS) &#8211; Dopo la partenza gioved\u00ec scorso andr\u00e0 avanti fino a domenica 27 il Festival delle Migrazioni che, per l&#8217;edizione 2023, ha come tema \u201cEsodo e approdo. Le comunit\u00e0 porto sicuro\u201d. Per il secondo anno le comunit\u00e0 che accolgono sono quelle che compongono il cartellone dell&#8217;edizione ovvero: Acquaformosa, Bisignano, Cerzeto, Rota Greca, San Basile, [&hellip;]<\/p>\n","protected":false},"author":42,"featured_media":209050,"comment_status":"closed","ping_status":"closed","sticky":false,"template":"","format":"standard","meta":{"_acf_changed":false,"footnotes":"","jetpack_publicize_message":"","jetpack_publicize_feature_enabled":true,"jetpack_social_post_already_shared":false,"jetpack_social_options":{"image_generator_settings":{"template":"highway","default_image_id":0,"font":"","enabled":false},"version":2}},"categories":[28],"tags":[],"class_list":["post-209049","post","type-post","status-publish","format-standard","has-post-thumbnail","hentry","category-provincia"],"acf":[],"jetpack_publicize_connections":[],"_links":{"self":[{"href":"https:\/\/quicosenza.it\/news\/wp-json\/wp\/v2\/posts\/209049","targetHints":{"allow":["GET"]}}],"collection":[{"href":"https:\/\/quicosenza.it\/news\/wp-json\/wp\/v2\/posts"}],"about":[{"href":"https:\/\/quicosenza.it\/news\/wp-json\/wp\/v2\/types\/post"}],"author":[{"embeddable":true,"href":"https:\/\/quicosenza.it\/news\/wp-json\/wp\/v2\/users\/42"}],"replies":[{"embeddable":true,"href":"https:\/\/quicosenza.it\/news\/wp-json\/wp\/v2\/comments?post=209049"}],"version-history":[{"count":0,"href":"https:\/\/quicosenza.it\/news\/wp-json\/wp\/v2\/posts\/209049\/revisions"}],"wp:featuredmedia":[{"embeddable":true,"href":"https:\/\/quicosenza.it\/news\/wp-json\/wp\/v2\/media\/209050"}],"wp:attachment":[{"href":"https:\/\/quicosenza.it\/news\/wp-json\/wp\/v2\/media?parent=209049"}],"wp:term":[{"taxonomy":"category","embeddable":true,"href":"https:\/\/quicosenza.it\/news\/wp-json\/wp\/v2\/categories?post=209049"},{"taxonomy":"post_tag","embeddable":true,"href":"https:\/\/quicosenza.it\/news\/wp-json\/wp\/v2\/tags?post=209049"}],"curies":[{"name":"wp","href":"https:\/\/api.w.org\/{rel}","templated":true}]}}