{"id":210633,"date":"2023-09-08T19:22:01","date_gmt":"2023-09-08T17:22:01","guid":{"rendered":"https:\/\/www.quicosenza.it\/news\/?p=210633"},"modified":"2023-09-08T19:22:01","modified_gmt":"2023-09-08T17:22:01","slug":"cosenza-saccomanno-lassessore-coinvolto-in-uninchiesta-e-ancora-li-dura-replica-della-maggioranza","status":"publish","type":"post","link":"https:\/\/quicosenza.it\/news\/cosenza-saccomanno-lassessore-coinvolto-in-uninchiesta-e-ancora-li-dura-replica-della-maggioranza\/","title":{"rendered":"Cosenza, Saccomanno: \u00abl&#8217;assessore coinvolto in un&#8217;inchiesta \u00e8 ancora l\u00ec\u00bb. Dura replica della maggioranza"},"content":{"rendered":"<p>COSENZA &#8211;\u00a0 &#8220;Il richiamo che il <strong>commissario regionale della Lega, Giacomo Saccomanno,<\/strong> ha fatto su una presunta questione morale al Comune di Cosenza, <strong>per la presenza in Giunta di un assessore coinvolto nella indagine giudiziaria denominata &#8220;Reset&#8221;<\/strong>, \u00e8 davvero beffardo&#8221;.<\/p>\n<p>E&#8217; quanto scrivono in una nota<strong> i capigruppo di Palazzo dei Bruzi<\/strong> Francesco Gigliotti, Daniela Puzzo, Francesco Alimena, Ivan Commodaro, Raffaele Fuorivia e Roberto Sacco con riferimento alle dichiarazioni rilasciate stamani agli organi di stampa dal leader della Lega, Giacomo Saccomanno.<\/p>\n<p>&#8220;Senza dover scomodare categorie che contraddistinguono tesi garantiste o colpevoliste \u2013 proseguono i capigruppo di maggioranza &#8211; a Saccomanno va ricordato che <strong>la composizione della intera giunta comunale di Cosenza non \u00e8 in contrasto con alcun codice etico<\/strong>, n\u00e9 si pone in violazione della normativa vigente, anche quella di tipo speciale, che regolamenta i casi di decadenza o di incompatibilit\u00e0 dei componenti di Giunta negli enti locali.<\/p>\n<p>Francamente, \u00e8 da ritenere davvero stupefacente questo furore giustizialista e pseudomoralista che improvvisamente ha animato Il commissario leghista.<\/p>\n<p>Sar\u00e0 stato folgorato sulla via che lo ha condotto ad essere nominato nello scorso mese di giugno, in rappresentanza del ministro Salvini, membro del Consiglio di amministrazione della Societ\u00e0 dello Stretto. Probabilmente Saccomanno \u00e8 stato chiamato a dare il suo prezioso apporto per la realizzazione del Ponte di Messina, non soltanto per le sue competenze ma per <strong>la sua indubbia coerenza etica e morale, nonostante le accuse gravi che la stampa nazionale e locale ha rivolto<\/strong>, nel recente passato, nei suoi confronti, a<strong> proposito dei legami pericolosi<\/strong> che avrebbero determinato il successo elettorale del Carroccio in Calabria alle elezioni politiche nel 2018.<\/p>\n<p>Con specifico riferimento, dell&#8217;avvocato Giacomo Saccomanno la stampa scrive che &#8220;\u00e8 a suo modo lo specchio di come in questa terra i gradi di separazione tra ci\u00f2 che \u00e8 mafia, ci\u00f2 che non lo \u00e8, e ci\u00f2 che potrebbe esserlo, siano irrisori. <strong>Un figlio di Saccomanno ha, infatti, sposato una ragazza di Rosarno, il cui fratello \u00e8 legato sentimentalmente a una delle figlie di Marcello Pesce.<\/strong><\/p>\n<p><strong>Uomo d&#8217;onore arrestato nel dicembre del 2016<\/strong> e fino a quel momento tra i latitanti di &#8216;ndrangheta di maggior peso nella Piana. Perch\u00e9 reggente della &#8216;ndrina che controllava il porto di Gioia Tauro. Perch\u00e9 ha fatto affari a Milano, dove lo chiamavano &#8220;u ballerinu&#8221;. Perch\u00e9 parlava con la politica e, un tempo, vantava contatti con Licio Gelli e la sua P2. Perch\u00e9 \u00e8 un boss che in carcere chiede di leggere Sartre&#8221;.<\/p>\n<p><strong>Alla luce di ci\u00f2, si potrebbe dire da che pulpito viene la predica!<\/strong> Noi, per\u00f2, non siamo tra quelli che per queste accuse che la stampa gli ha rivolto vorrebbero chiedere all&#8217;avvocato Giacomo Saccomanno le dimissioni dal CdA della Societ\u00e0 dello Stretto&#8221;.<\/p>\n<h3>Saccomano: <b>\u00ab<\/b>il Comune di Cosenza non rispetta la questione morale<b>\u00bb<\/b><\/h3>\n<p>Facciamo un passo indietro e riportiamo le parole del commissario della Lega Calabria, <strong>Giacomo Saccomanno,<\/strong> sul Comune di Cosenza.<\/p>\n<p>\u00abAbbiamo affermato sulla questione morale esistente nel Comune di Cosenza che amministrare un territorio e una citt\u00e0 in Calabria non \u00e8, sicuramente, una cosa semplice e spesso bisogna assumere delle decisioni importanti che possono, anche, essere molto difficili. Ma, la necessit\u00e0 di essere coerenti e rispettare la \u201cquestione morale\u201d, spesso sbandierata e tante volte dimenticata, non pu\u00f2 nascondersi\u00bb. Queste le parole del<strong> leader della lega calabrese, che lancia frecciate al sindaco di Cosenza<\/strong>, Franz Caruso, sulla presenza di un suo amministratore sui banchi degli imputati di Reset.<\/p>\n<p>\u00abL\u2019operazione di ieri denominata<strong><a href=\"https:\/\/quicosenza.it\/news\/calabria\/blitz-antimafia-maestrale-carthago-84-misure-cautelari-coinvolti-anche-ex-politici-e-avvocati\" target=\"_blank\" rel=\"noopener\"> \u201cMaestrale Carthago\u201d<\/a><\/strong>, coordinata dalla Direzione distrettuale antimafia di Catanzaro, guidata dal procuratore Nicola Gratteri, dimostra che il sistema criminale \u00e8 pesantemente penetrato nelle istituzioni e nella societ\u00e0 civile. Una indagine \u2013 aggiunge Saccomanno \u2013 che ha dimostrato uno spaccato inquietante e che deve far riflettere tutti. In particolare le istituzioni, la politica e la societ\u00e0 civile\u00bb.<\/p>\n<p>\u00abGrazie a Nicola Gratteri ed al suo coraggio si stanno scoperchiando omicidi, estorsioni, collusioni e, comunque, un sistema criminale ben integrato. Un forte plauso alla Procura distrettuale antimafia, ai magistrati, alle forze dell\u2019ordine ed a tutti coloro che hanno partecipato ad accertare tanti possibili reati. La Calabria \u2013 conclude \u2013 ha necessit\u00e0 di chiarezza e trasparenza e di un\u2019azione amministrativa impermeabile e al di sopra di qualsiasi sospetto\u00bb.<\/p>\n","protected":false},"excerpt":{"rendered":"<p>COSENZA &#8211;\u00a0 &#8220;Il richiamo che il commissario regionale della Lega, Giacomo Saccomanno, ha fatto su una presunta questione morale al Comune di Cosenza, per la presenza in Giunta di un assessore coinvolto nella indagine giudiziaria denominata &#8220;Reset&#8221;, \u00e8 davvero beffardo&#8221;. E&#8217; quanto scrivono in una nota i capigruppo di Palazzo dei Bruzi Francesco Gigliotti, Daniela [&hellip;]<\/p>\n","protected":false},"author":58,"featured_media":210634,"comment_status":"closed","ping_status":"closed","sticky":false,"template":"","format":"standard","meta":{"_acf_changed":false,"footnotes":"","jetpack_publicize_message":"","jetpack_publicize_feature_enabled":true,"jetpack_social_post_already_shared":false,"jetpack_social_options":{"image_generator_settings":{"template":"highway","default_image_id":0,"font":"","enabled":false},"version":2}},"categories":[563,42],"tags":[19],"class_list":["post-210633","post","type-post","status-publish","format-standard","has-post-thumbnail","hentry","category-area-urbana","category-cosenza","tag-copertina"],"acf":[],"jetpack_publicize_connections":[],"_links":{"self":[{"href":"https:\/\/quicosenza.it\/news\/wp-json\/wp\/v2\/posts\/210633","targetHints":{"allow":["GET"]}}],"collection":[{"href":"https:\/\/quicosenza.it\/news\/wp-json\/wp\/v2\/posts"}],"about":[{"href":"https:\/\/quicosenza.it\/news\/wp-json\/wp\/v2\/types\/post"}],"author":[{"embeddable":true,"href":"https:\/\/quicosenza.it\/news\/wp-json\/wp\/v2\/users\/58"}],"replies":[{"embeddable":true,"href":"https:\/\/quicosenza.it\/news\/wp-json\/wp\/v2\/comments?post=210633"}],"version-history":[{"count":0,"href":"https:\/\/quicosenza.it\/news\/wp-json\/wp\/v2\/posts\/210633\/revisions"}],"wp:featuredmedia":[{"embeddable":true,"href":"https:\/\/quicosenza.it\/news\/wp-json\/wp\/v2\/media\/210634"}],"wp:attachment":[{"href":"https:\/\/quicosenza.it\/news\/wp-json\/wp\/v2\/media?parent=210633"}],"wp:term":[{"taxonomy":"category","embeddable":true,"href":"https:\/\/quicosenza.it\/news\/wp-json\/wp\/v2\/categories?post=210633"},{"taxonomy":"post_tag","embeddable":true,"href":"https:\/\/quicosenza.it\/news\/wp-json\/wp\/v2\/tags?post=210633"}],"curies":[{"name":"wp","href":"https:\/\/api.w.org\/{rel}","templated":true}]}}