{"id":210653,"date":"2023-09-13T06:30:43","date_gmt":"2023-09-13T04:30:43","guid":{"rendered":"https:\/\/www.quicosenza.it\/news\/?p=210653"},"modified":"2023-09-10T08:22:32","modified_gmt":"2023-09-10T06:22:32","slug":"cosenza-al-via-la-seconda-edizione-del-fichi-festival-tra-degustazioni-e-dibattiti","status":"publish","type":"post","link":"https:\/\/quicosenza.it\/news\/cosenza-al-via-la-seconda-edizione-del-fichi-festival-tra-degustazioni-e-dibattiti\/","title":{"rendered":"Cosenza: al via la seconda edizione del &#8216;Fichi Festival&#8217;, tra degustazioni e dibattiti"},"content":{"rendered":"<p>COSENZA &#8211; E&#8217; in programma per il prossimo weekend, <strong>sabato 16 e domenica 17 settembre,<\/strong> la seconda edizione del &#8220;<strong>Fichi Festival<\/strong>&#8221; ideata dal Consorzio di Tutela Fichi di Cosenza Dop. I fichi, pilastri della nostra tradizione, saranno presentati nei loro mille &#8220;volti&#8221;, certamente protagonisti di una due giorni tutta da gustare. Visite nei vivai, dibattiti, incontri con la stampa specializzata, degustazioni del fico in tutte le sue innumerevoli possibilit\u00e0, saranno alla base dell&#8217;iniziativa.<\/p>\n<p>Due giorni intensi nel corso dei quali si dar\u00e0 risalto alla bont\u00e0 ed alla qualit\u00e0 dei Fichi di Cosenza Dop conosciuti in tutto il Mondo. Ricchissimo il cartellone in cantiere: si inizier\u00e0 proprio <strong>sabato 16 settembre a partire dalle ore 9<\/strong> con l&#8217;attesissimo &#8220;Press Tour&#8221; ed una giornata interamente dedicata ai Fichi di Cosenza DOP. Giornalisti nazionali e locali visiteranno i ficheti del territorio. Il viaggio nella Dop prevede, tra le altre cose, la partecipazione di Gioacchino Bonsignore caporedattore della trasmissione &#8220;Gusto&#8221; del Tg5.<\/p>\n<p>Durante il tour verr\u00e0 servita la <strong>merenda del contadino accompagnata dall&#8217;aperifico<\/strong>.<br \/>\nAl termine di questa prima tappa, la stampa si sposter\u00e0 a Belmonte Calabro, per poter osservare la lavorazione e la trasformazione del prodotto.<\/p>\n<p>Il viaggio tra i Fichi di Cosenza Dop, continuer\u00e0, dunque il giorno a seguire a partire dalle 16.30 in uno dei luoghi simbolo della citt\u00e0 di Cosenza, <strong>Villa Rendano<\/strong>. Si parte con una tavola rotonda dal tema &#8220;Aspetti agronomici, nutraceutici e salutistici dei Fichi di Cosenza Dop&#8221;. Parteciperanno: Giovanni Misasi \u2013 Pres. Naz. Ass. Biologi senza frontiere; Giancarlo Statti \u2013 docente di Farmacia e scienze della salute e della nutrizione dell&#8217;Universit\u00e0 della Calabria; Monica Germani \u2013 Dietista e nutrizionista Rai; Rocco Mafrica \u2013 Dip. Agraria dell&#8217;Universit\u00e0 Mediterranea di Reggio Calabria; Angelo Musolino \u2013 presidente nazionale Conpait; Roberto Copparoni \u2013 Min. Salute, Dir. Gen. Igiene e sicurezza degli alimenti e nutrizionale, nutrizione e informazione ai consumatori.<\/p>\n<p>Alle 17.30 sar\u00e0 il momento dedicato alla &#8220;Presentazione delle ricette create con i Fichi di Cosenza Dop&#8221; per i campionati della cucina italiana 2023, special guest Giampiero Ingrao vincitore dell&#8217;edizione 2023. La giornata dedicata al prelibato frutto continua a passo serrato.<\/p>\n<p>Alle 18.30 poi il convegno dal titolo &#8220;I Fichi di Cosenza Dop e il valore dei trasformati. Contesto attuale e prospettive di sviluppo&#8221;. A relazionare saranno: Anna Garofalo &#8211; presidente Consorzio di Tutela Fichi di Cosenza Dop; Angelo Rosa \u2013 Gi\u00e0 presidente del Consorzio Fico essiccato del cosentino; Gioacchino Bonsignore \u2013 Caporedattore &#8220;Gusto&#8221; Tg5; Rocco Pozzullo \u2013 presidente nazionale Fic; Giacomo Giovinazzo \u2013 Dirigente regionale Agricoltura e Risorse Agroalimentari e Forestazione Regione Calabria; Klaus Algieri \u2013 presidente Camera di Commercio Cosenza; Franz Caruso \u2013 sindaco di Cosenza; Gianluca Gallo \u2013 Assessore all&#8217;Agricoltura , Risorse Agroalimentari e Forestazione Regione Calabria. Modera Vira Carbone \u2013 conduttrice &#8220;Buongiorno Benessere Rai&#8221;.<\/p>\n<p>Anche in questa seconda edizione immancabile il momento dedicato allo &#8220;Show Cooking&#8221;- a partire dalle ore 20 spazio alle prelibatezze realizzate da Alessandro Circiello &#8211; Chef Rai- insieme allo Chef Carlo Alberto D&#8217;audino- ancora una volta coordinato da Vira Carbone. L&#8217;evento \u00e8 stato realizzato grazie all&#8217;Attivit\u00e0 finanziata dalla Regione Calabria con fondi FEASR-PSR CALABRIA 2014\/2020 Misura 3 \u2013 Intervento 3.2.1 sottointervento A.<\/p>\n","protected":false},"excerpt":{"rendered":"<p>COSENZA &#8211; E&#8217; in programma per il prossimo weekend, sabato 16 e domenica 17 settembre, la seconda edizione del &#8220;Fichi Festival&#8221; ideata dal Consorzio di Tutela Fichi di Cosenza Dop. I fichi, pilastri della nostra tradizione, saranno presentati nei loro mille &#8220;volti&#8221;, certamente protagonisti di una due giorni tutta da gustare. Visite nei vivai, dibattiti, [&hellip;]<\/p>\n","protected":false},"author":42,"featured_media":210659,"comment_status":"closed","ping_status":"closed","sticky":false,"template":"","format":"standard","meta":{"_acf_changed":false,"footnotes":"","jetpack_publicize_message":"","jetpack_publicize_feature_enabled":true,"jetpack_social_post_already_shared":false,"jetpack_social_options":{"image_generator_settings":{"template":"highway","default_image_id":0,"font":"","enabled":false},"version":2}},"categories":[563,42],"tags":[],"class_list":["post-210653","post","type-post","status-publish","format-standard","has-post-thumbnail","hentry","category-area-urbana","category-cosenza"],"acf":[],"jetpack_publicize_connections":[],"_links":{"self":[{"href":"https:\/\/quicosenza.it\/news\/wp-json\/wp\/v2\/posts\/210653","targetHints":{"allow":["GET"]}}],"collection":[{"href":"https:\/\/quicosenza.it\/news\/wp-json\/wp\/v2\/posts"}],"about":[{"href":"https:\/\/quicosenza.it\/news\/wp-json\/wp\/v2\/types\/post"}],"author":[{"embeddable":true,"href":"https:\/\/quicosenza.it\/news\/wp-json\/wp\/v2\/users\/42"}],"replies":[{"embeddable":true,"href":"https:\/\/quicosenza.it\/news\/wp-json\/wp\/v2\/comments?post=210653"}],"version-history":[{"count":0,"href":"https:\/\/quicosenza.it\/news\/wp-json\/wp\/v2\/posts\/210653\/revisions"}],"wp:featuredmedia":[{"embeddable":true,"href":"https:\/\/quicosenza.it\/news\/wp-json\/wp\/v2\/media\/210659"}],"wp:attachment":[{"href":"https:\/\/quicosenza.it\/news\/wp-json\/wp\/v2\/media?parent=210653"}],"wp:term":[{"taxonomy":"category","embeddable":true,"href":"https:\/\/quicosenza.it\/news\/wp-json\/wp\/v2\/categories?post=210653"},{"taxonomy":"post_tag","embeddable":true,"href":"https:\/\/quicosenza.it\/news\/wp-json\/wp\/v2\/tags?post=210653"}],"curies":[{"name":"wp","href":"https:\/\/api.w.org\/{rel}","templated":true}]}}