{"id":211695,"date":"2023-09-25T07:36:30","date_gmt":"2023-09-25T05:36:30","guid":{"rendered":"https:\/\/www.quicosenza.it\/news\/?p=211695"},"modified":"2023-11-08T19:08:03","modified_gmt":"2023-11-08T18:08:03","slug":"autostrada-del-mediterraneo-due-vite-stroncate-nel-curvone-maledetto-parlano-i-familiari","status":"publish","type":"post","link":"https:\/\/quicosenza.it\/news\/autostrada-del-mediterraneo-due-vite-stroncate-nel-curvone-maledetto-parlano-i-familiari\/","title":{"rendered":"Autostrada del Mediterraneo: due vite stroncate nel &#8216;curvone maledetto&#8217;, parlano i familiari"},"content":{"rendered":"<p>COSENZA &#8211; Una curva maledetta. Al <strong>chilometro 264<\/strong> dell\u2019Autostrada del Mediterraneo, in provincia di Cosenza, in corrispondenza del viadotto San Martino, nel 2019 sono stati 12 gli incidenti per sbandamento con due giovani che hanno perso la vita a distanza di poche settimane. Si tratta della <strong>34enne Tiziana Colosimo<\/strong> e del <strong>19enne Mattia Albace.<\/strong> Il tratto di strada ormai dissequestrato, secondo la Procura di Cosenza, sarebbe stato realizzato con materiali scadenti non rispettando il capitolato d\u2019appalto e penalizzando la tenuta di strada in caso di pioggia. Sono infatti attualmente <strong><a href=\"https:\/\/quicosenza.it\/news\/area-urbana\/473859-giovane-muore-sulla2-a-rogliano-archiviata-posizione-del-direttore-dei-lavori-anas\">15 gli indagati<\/a><\/strong> accusati a vario titolo di omicidio stradale e frode in pubbliche forniture per il decesso dell\u2019adolescente di Conflenti. Il pm Domenico Frascino ha chiesto lo stralcio di alcune posizioni (Antonio Procopio, Sandro Assunto, Antonio Armentano, Raffaele Frassetti, Remo La Manna, Giuseppe Loria, Salvatore Rizzuto, Antonio Mangiola), Venturino Veltri coordinatore del progetto, Massimo Mastroianni direttore dei lavori, Luigi Mupo responsabile unico procedimento, Gianluca Fiore procuratore dell\u2019Ati aggiudicataria dell\u2019appalto, Guido e Francesco Gugli direttori tecnici della Stradedil srl.<\/p>\n<h3>Archiato il giudizio per Alessandro Perri<\/h3>\n<p>Il Giudice per le Indagini Preliminari del Tribunale di Cosenza &#8211; Claudia Pingitore &#8211; in accoglimento della richiesta del P.M. Domenico Frascino, in data 18\\10\\2023, ha <strong>decretato l&#8217;archiviazione, fra le altre, della posizione di Alessandro Perri,<\/strong>\u00a0<strong>imprenditore di Santo Stefano di Rogliano (CS)<\/strong>, che lo aveva visto, ab origine, co-indagato in relazione al decesso del giovane Mattia Albace, occorso, in data 19\\12\\2019, nel tratto compreso tra gli svincoli di Rogliano e Cosenza Sud dell&#8217;Autostrada A2. &#8220;Il provvedimento delibatorio del Tribunale di Cosenza attesta, quindi, l&#8217;assoluta ed integrale correttezza della condotta, personale e professionale, del Perri, ritenuto estraneo a qualsivoglia addebito e\\o censura mossi, nella fase primigenia del procedimento, allo stesso&#8221;, dichiara il legale Pierluigi Pugliese.<\/p>\n<p><img loading=\"lazy\" decoding=\"async\" class=\" wp-image-211698 aligncenter\" src=\"https:\/\/quicosenza.it\/news\/wp-content\/uploads\/2023\/09\/autostrada-a2-tratto-lavori-scaled.jpg\" alt=\"autostrada a2 tratto lavori\" width=\"550\" height=\"332\" title=\"\" srcset=\"https:\/\/quicosenza.it\/news\/wp-content\/uploads\/2023\/09\/autostrada-a2-tratto-lavori-scaled.jpg 1000w, https:\/\/quicosenza.it\/news\/wp-content\/uploads\/2023\/09\/autostrada-a2-tratto-lavori-300x181.jpg 300w, https:\/\/quicosenza.it\/news\/wp-content\/uploads\/2023\/09\/autostrada-a2-tratto-lavori-1024x617.jpg 1024w, https:\/\/quicosenza.it\/news\/wp-content\/uploads\/2023\/09\/autostrada-a2-tratto-lavori-768x463.jpg 768w, https:\/\/quicosenza.it\/news\/wp-content\/uploads\/2023\/09\/autostrada-a2-tratto-lavori-150x90.jpg 150w, https:\/\/quicosenza.it\/news\/wp-content\/uploads\/2023\/09\/autostrada-a2-tratto-lavori-696x420.jpg 696w, https:\/\/quicosenza.it\/news\/wp-content\/uploads\/2023\/09\/autostrada-a2-tratto-lavori-1068x644.jpg 1068w, https:\/\/quicosenza.it\/news\/wp-content\/uploads\/2023\/09\/autostrada-a2-tratto-lavori-697x420.jpg 697w\" sizes=\"auto, (max-width: 550px) 100vw, 550px\" \/><\/p>\n<h4><strong>Incidenti nel curvone maledetto dell\u2019Autostrada del Mediterraneo<\/strong><\/h4>\n<p>I dati forniti dalla sottosezione autostradale di Cosenza Nord del Compartimento Polizia Stradale per la Calabria rivelano una netta riduzione degli incidenti nel famigerato curvone. <a href=\"https:\/\/quicosenza.it\/news\/calabria\/esodo-sullautostrada-del-mediterraneo-limiti-di-velocita-infiltrazioni-mafiose-e-morti-senza-giustizia\">Tra Cosenza Sud e Rogliano<\/a> nel 2020 dei 48 sinistri rilevati, solo uno \u00e8 avvenuto con \u201cmodalit\u00e0 sbandamento\u201d al chilometro 264,750; nel 2021 ne \u00e8 stato registrato 1 su 51, nel 2022 zero su 59 e nel 2023 zero su 25. Ad influire potrebbe essere stato non solo il sequestro, ma anche i continui restringimenti di carreggiata e l\u2019intervento sul manto stradale con la creazione di uno strato per aumentare l\u2019aderenza all\u2019asfalto delle auto in transito.<\/p>\n<p><img loading=\"lazy\" decoding=\"async\" class=\" wp-image-211699 aligncenter\" src=\"https:\/\/quicosenza.it\/news\/wp-content\/uploads\/2023\/09\/incidente-mattia-albace.jpg\" alt=\"incidente mattia albace\" width=\"563\" height=\"425\" title=\"\" srcset=\"https:\/\/quicosenza.it\/news\/wp-content\/uploads\/2023\/09\/incidente-mattia-albace.jpg 768w, https:\/\/quicosenza.it\/news\/wp-content\/uploads\/2023\/09\/incidente-mattia-albace-300x226.jpg 300w, https:\/\/quicosenza.it\/news\/wp-content\/uploads\/2023\/09\/incidente-mattia-albace-150x113.jpg 150w, https:\/\/quicosenza.it\/news\/wp-content\/uploads\/2023\/09\/incidente-mattia-albace-696x525.jpg 696w, https:\/\/quicosenza.it\/news\/wp-content\/uploads\/2023\/09\/incidente-mattia-albace-557x420.jpg 557w, https:\/\/quicosenza.it\/news\/wp-content\/uploads\/2023\/09\/incidente-mattia-albace-80x60.jpg 80w\" sizes=\"auto, (max-width: 563px) 100vw, 563px\" \/><\/p>\n<h4><strong>I genitori del giovane Mattia attendono giustizia<\/strong><\/h4>\n<p><strong>Sabina e Raffaele<\/strong>, genitori del giovane <strong>Mattia, attendono giustizia<\/strong>. Con determinazione intendono capire cosa realmente sia successo quella mattina del <a href=\"https:\/\/quicosenza.it\/news\/area-urbana\/cosenza\/336913-nuovo-incidente-tra-altilia-e-rogliano-la-procura-fa-chiudere-la-carreggiata\">19 dicembre 2019<\/a> quando loro figlio \u00e8 uscito di casa senza mai pi\u00f9 farvi ritorno. \u00abStavamo per pranzare \u2013 ricorda il padre \u2013 quando ha bussato alla porta un carabiniere della stazione di Conflenti. Mi ha chiesto se mio figlio aveva quel tipo di macchina e ovviamente allarmato ho chiesto perch\u00e9 cosa fosse successo e mi ha detto: \u201cC\u2019\u00e8 stato un incidente, deve venire in obitorio\u201d.<\/p>\n<p>Si \u00e8 offerto volontario per accompagnarmi, ma ho rifiutato. Siamo andati a prendere nostra figlia a scuola e l\u2019abbiamo portata dai nonni, non abbiamo detto nulla, ma ha subito capito che era successo qualcosa di gravissimo a Mattia. Arrivati a Cosenza abbiamo atteso un\u2019eternit\u00e0 per vederlo. \u00c8 stato tre giorni in obitorio. Abbiamo cercato di capire cosa fosse successo, non pensavamo a un\u2019azione legale, ma al fatto che non vi fosse pi\u00f9 nostro figlio. Per noi \u00e8 importante che qualcuno paghi perch\u00e9 Mattia: non era ubriaco, non era sotto effetto di stupefacenti, non era al cellulare e non correva.<strong> Non si pu\u00f2 accettare di morire ad 80 all\u2019ora in autostrada contro un furgone<\/strong> che sta eseguendo lavori di messa in sicurezza\u00bb.<\/p>\n<p><img loading=\"lazy\" decoding=\"async\" class=\" wp-image-211700 aligncenter\" src=\"https:\/\/quicosenza.it\/news\/wp-content\/uploads\/2023\/09\/opera-mattia-albace-scaled.jpg\" alt=\"opera mattia albace\" width=\"579\" height=\"431\" title=\"\" srcset=\"https:\/\/quicosenza.it\/news\/wp-content\/uploads\/2023\/09\/opera-mattia-albace-scaled.jpg 1000w, https:\/\/quicosenza.it\/news\/wp-content\/uploads\/2023\/09\/opera-mattia-albace-300x223.jpg 300w, https:\/\/quicosenza.it\/news\/wp-content\/uploads\/2023\/09\/opera-mattia-albace-1024x762.jpg 1024w, https:\/\/quicosenza.it\/news\/wp-content\/uploads\/2023\/09\/opera-mattia-albace-768x572.jpg 768w, https:\/\/quicosenza.it\/news\/wp-content\/uploads\/2023\/09\/opera-mattia-albace-150x112.jpg 150w, https:\/\/quicosenza.it\/news\/wp-content\/uploads\/2023\/09\/opera-mattia-albace-485x360.jpg 485w, https:\/\/quicosenza.it\/news\/wp-content\/uploads\/2023\/09\/opera-mattia-albace-696x518.jpg 696w, https:\/\/quicosenza.it\/news\/wp-content\/uploads\/2023\/09\/opera-mattia-albace-1068x795.jpg 1068w, https:\/\/quicosenza.it\/news\/wp-content\/uploads\/2023\/09\/opera-mattia-albace-564x420.jpg 564w, https:\/\/quicosenza.it\/news\/wp-content\/uploads\/2023\/09\/opera-mattia-albace-80x60.jpg 80w, https:\/\/quicosenza.it\/news\/wp-content\/uploads\/2023\/09\/opera-mattia-albace-265x198.jpg 265w\" sizes=\"auto, (max-width: 579px) 100vw, 579px\" \/><\/p>\n<h4><strong>La mamma di Mattia: \u00abI pochi incidenti non mi rassicurano\u00bb<\/strong><\/h4>\n<p>\u00abMattia si era diplomato al liceo artistico Lucrezia Della Valle, \u2013 racconta la mamma &#8211; era iscritto all\u2019Accademia delle Belle Arti di Catanzaro. Veniva spesso a Cosenza perch\u00e9 voleva creare un laboratorio di scultura nel centro storico e aveva gi\u00e0 trovato collaborazioni, anche con i Giardini di Shiva, per realizzarlo. Due giorni prima aveva deciso di voler seguire un corso di laurea in Criminologia online in una di quelle universit\u00e0 telematiche e doveva venire a Cosenza per informarsi sulla documentazione da presentare. In pi\u00f9 doveva comprare le ultime cose che gli sarebbero servite per allestire la sua mostra di quadri e sculture al Palazzo della Cultura del Comune di San Mango d\u2019Aquino che sarebbe stata inaugurata da l\u00ec a qualche giorno, il 21. Si era attivato, lo aveva proposto al sindaco che di buon grado ha accolto la sua idea. Era entusiasta\u00bb. \u00abLa sua ultima opera, &#8211; precisa Raffaele Albace &#8211; l\u2019abbiamo recuperata in macchina, allo sfascio, era sotto ad un sedile ancora intatta. Raffigura due innamorati che si baciano. Con lo scultore Pino Miniaci ha realizzato due opere una a Fuscaldo sul lungomare e un\u2019altra a Rogliano nel rione Cuti. Ogni tanto lo accompagnavo quando partecipava a queste iniziative e ci divertivamo, ridevamo tanto insieme\u00bb. \u00abIl fatto che non ci siano stati pi\u00f9 incidenti \u2013 tuona mamma Sabina &#8211; <a href=\"https:\/\/quicosenza.it\/news\/provincia\/336094-ventenne-morto-sulla2-sequestrato-tratto-tra-rogliano-e-cosenza\">non ci rassicura<\/a>. Se fosse vero che hanno sistemato il tratto stradale e non si sbanda pi\u00f9 forse la sua morte \u00e8 servita a qualcosa. Il problema \u00e8 che non dovrebbero succedere incidenti mortali prima di intervenire\u00bb.<\/p>\n<p><img loading=\"lazy\" decoding=\"async\" class=\" wp-image-211701 aligncenter\" src=\"https:\/\/quicosenza.it\/news\/wp-content\/uploads\/2023\/09\/Tiziana-Colosimo.jpg\" alt=\"Tiziana Colosimo\" width=\"522\" height=\"373\" title=\"\" srcset=\"https:\/\/quicosenza.it\/news\/wp-content\/uploads\/2023\/09\/Tiziana-Colosimo.jpg 800w, https:\/\/quicosenza.it\/news\/wp-content\/uploads\/2023\/09\/Tiziana-Colosimo-300x214.jpg 300w, https:\/\/quicosenza.it\/news\/wp-content\/uploads\/2023\/09\/Tiziana-Colosimo-768x548.jpg 768w, https:\/\/quicosenza.it\/news\/wp-content\/uploads\/2023\/09\/Tiziana-Colosimo-150x107.jpg 150w, https:\/\/quicosenza.it\/news\/wp-content\/uploads\/2023\/09\/Tiziana-Colosimo-696x497.jpg 696w, https:\/\/quicosenza.it\/news\/wp-content\/uploads\/2023\/09\/Tiziana-Colosimo-588x420.jpg 588w, https:\/\/quicosenza.it\/news\/wp-content\/uploads\/2023\/09\/Tiziana-Colosimo-100x70.jpg 100w\" sizes=\"auto, (max-width: 522px) 100vw, 522px\" \/><\/p>\n<h4><strong>La sorella di Tiziana Colosimo: \u00abNon sappiamo esattamente cosa sia successo\u00bb<\/strong><\/h4>\n<p>Il 7 novembre 2019, poche settimane prima della morte di Mattia a perdere la vita era stata una <a href=\"https:\/\/quicosenza.it\/news\/provincia\/323485-a2-schianto-tra-unauto-e-un-mezzo-pesante-muore-una-34enne-autostrada-chiusa\">ragazza di Colosimi, Tiziana<\/a>. \u00abQuel giorno piovigginava e mia sorella \u2013 ricorda Nadia Colosimo &#8211; \u00e8 sbandata in curva. \u00c8 finita nell\u2019altra corsia del restringimento di carreggiata schiantandosi contro un camion. Ed \u00e8 morta. Non sappiamo esattamente cosa sia successo. Dicono sia scoppiata una gomma, ma non si sa se prima o dopo l\u2019impatto. Siamo solo certi che non stesse correndo: andava ad 80 chilometri orari e non aveva il cellulare in mano perch\u00e9 \u00e8 stato verificato che non lo aveva usato negli ultimi suoi 30 minuti di vita. Tiziana abitava in casa con i miei e stava lavorando come parrucchiera. Era una ragazza autonoma e indipendente. <strong>Quella sera era uscita per fare un giro, stava raggiungendo i suoi amici.<\/strong> Per lavoro, passo spesso da quel tratto di autostrada. Un altro incidente nello stesso punto l\u2019ho visto con i miei occhi dopo circa un paio di anni, per\u00f2 non c\u2019erano stati morti o feriti. C\u2019era una macchina ribaltata. Ho pensato che fosse strano e mi sono chiesta perch\u00e9 quella curva fosse cos\u00ec pericolosa. Abbiamo deciso di ritirarci dal procedimento giudiziario, chiudere tutto e riscuotere un piccolo risarcimento, del tutto simbolico, che ci ha versato l\u2019assicurazione. Una cifra irrisoria, pochi spiccioli. Non volevamo far subire ai miei genitori questa agonia. Per i miei familiari sarebbe stata una sofferenza infinita, significava riaprire la ferita ogni volta che si tornava in Tribunale\u00bb.<\/p>\n<p>&nbsp;<\/p>\n","protected":false},"excerpt":{"rendered":"<p>COSENZA &#8211; Una curva maledetta. Al chilometro 264 dell\u2019Autostrada del Mediterraneo, in provincia di Cosenza, in corrispondenza del viadotto San Martino, nel 2019 sono stati 12 gli incidenti per sbandamento con due giovani che hanno perso la vita a distanza di poche settimane. Si tratta della 34enne Tiziana Colosimo e del 19enne Mattia Albace. Il [&hellip;]<\/p>\n","protected":false},"author":18,"featured_media":211697,"comment_status":"closed","ping_status":"closed","sticky":false,"template":"","format":"standard","meta":{"_acf_changed":false,"footnotes":"","jetpack_publicize_message":"","jetpack_publicize_feature_enabled":true,"jetpack_social_post_already_shared":false,"jetpack_social_options":{"image_generator_settings":{"template":"highway","default_image_id":0,"font":"","enabled":false},"version":2}},"categories":[28],"tags":[19],"class_list":["post-211695","post","type-post","status-publish","format-standard","has-post-thumbnail","hentry","category-provincia","tag-copertina"],"acf":[],"jetpack_publicize_connections":[],"_links":{"self":[{"href":"https:\/\/quicosenza.it\/news\/wp-json\/wp\/v2\/posts\/211695","targetHints":{"allow":["GET"]}}],"collection":[{"href":"https:\/\/quicosenza.it\/news\/wp-json\/wp\/v2\/posts"}],"about":[{"href":"https:\/\/quicosenza.it\/news\/wp-json\/wp\/v2\/types\/post"}],"author":[{"embeddable":true,"href":"https:\/\/quicosenza.it\/news\/wp-json\/wp\/v2\/users\/18"}],"replies":[{"embeddable":true,"href":"https:\/\/quicosenza.it\/news\/wp-json\/wp\/v2\/comments?post=211695"}],"version-history":[{"count":0,"href":"https:\/\/quicosenza.it\/news\/wp-json\/wp\/v2\/posts\/211695\/revisions"}],"wp:featuredmedia":[{"embeddable":true,"href":"https:\/\/quicosenza.it\/news\/wp-json\/wp\/v2\/media\/211697"}],"wp:attachment":[{"href":"https:\/\/quicosenza.it\/news\/wp-json\/wp\/v2\/media?parent=211695"}],"wp:term":[{"taxonomy":"category","embeddable":true,"href":"https:\/\/quicosenza.it\/news\/wp-json\/wp\/v2\/categories?post=211695"},{"taxonomy":"post_tag","embeddable":true,"href":"https:\/\/quicosenza.it\/news\/wp-json\/wp\/v2\/tags?post=211695"}],"curies":[{"name":"wp","href":"https:\/\/api.w.org\/{rel}","templated":true}]}}