{"id":214091,"date":"2023-10-20T14:00:19","date_gmt":"2023-10-20T12:00:19","guid":{"rendered":"https:\/\/www.quicosenza.it\/news\/?p=214091"},"modified":"2023-10-20T15:43:48","modified_gmt":"2023-10-20T13:43:48","slug":"autonomia-da-amantea-ce-speranza-per-temesa-lotteremo-per-raggiungere-lobiettivo","status":"publish","type":"post","link":"https:\/\/quicosenza.it\/news\/autonomia-da-amantea-ce-speranza-per-temesa-lotteremo-per-raggiungere-lobiettivo\/","title":{"rendered":"Autonomia da Amantea, c&#8217;\u00e8 speranza per Temesa? \u00ablotteremo per raggiungere l&#8217;obiettivo\u00bb"},"content":{"rendered":"<p>COSENZA &#8211; Il comitato direttivo dell&#8217;associazione <strong>Ritorno Alle Origini di Temesa<\/strong> si \u00e8 riunito ieri sera gioved\u00ec 19 ottobre per tornare a discutere dell&#8217;<strong>accomparmento di Serra d&#8217;Aiello e di Campora San Giovanni<\/strong> e la conseguente nascita di un nuovo comune Temesa.<\/p>\n<p>&#8220;Nel corso della riunione, \u00e8 stato decisa, in piena sintonia con la Regione Calabria ed il Comune di Serra d\u2019Aiello, <strong>l\u2019impugnativa della sentenza del Tar Calabria presso il Consiglio di Stato<\/strong> ricorrendone in pieno tutti i presupposti per giungere ad un risultato positivo che soddisfi pienamente le attese delle suddette comunit\u00e0 &#8211; scrive l&#8217;associazione in una nota. &#8211; Si porta a conoscenza inoltre, che i termini per proporre il ricorso scadranno alla fine del 2023.<\/p>\n<p>Le interlocuzioni con tutti i legali delle parti, che hanno esaminato sia la sentenza del Tar Calabria, unitamente \u00a0alla documentazione in nostro possesso, ci consegnano un quadro complessivo che ci lascia tranquilli dal punto di vista dei presupposti strettamente giuridici e giurisdizionali.<\/p>\n<p>Dall\u2019altro lato, invece rafforzano il senso identitario delle due Comunit\u00e0 che pertanto, con rinnovato vigore, sono <strong>determinate a raggiungere il comune obiettivo<\/strong> dell\u2019accorpamento di Campora San Giovanni a Serra D\u2019Aiello nel solco delle ragioni gi\u00e0 tracciate dalla proposta di legge regionale.<\/p>\n<p><strong>TEMESA resta l\u2019unica via per raggiungere insieme quell\u2019autonomia da Amantea<\/strong> che solo attraverso l\u2019accorpamento a Serra pu\u00f2 tracciare una nuova fase di sviluppo sociale, economico e politico che da tempo le due comunit\u00e0 cercano con determinazione. Quelli che speravano, perci\u00f2, che il sentimento delle due comunit\u00e0 si fosse affievolito farebbero bene a ricredersi.\u00a0 Anzi \u00e8 utile ricordare a tutti che la battaglia non \u00e8 affatto finita, ma continuer\u00e0 con grande determinazione fino a quando l\u2019obiettivo della nascita di Temesa non sar\u00e0 acquisito.<\/p>\n","protected":false},"excerpt":{"rendered":"<p>COSENZA &#8211; Il comitato direttivo dell&#8217;associazione Ritorno Alle Origini di Temesa si \u00e8 riunito ieri sera gioved\u00ec 19 ottobre per tornare a discutere dell&#8217;accomparmento di Serra d&#8217;Aiello e di Campora San Giovanni e la conseguente nascita di un nuovo comune Temesa. &#8220;Nel corso della riunione, \u00e8 stato decisa, in piena sintonia con la Regione Calabria [&hellip;]<\/p>\n","protected":false},"author":58,"featured_media":179739,"comment_status":"closed","ping_status":"closed","sticky":false,"template":"","format":"standard","meta":{"_acf_changed":false,"footnotes":"","jetpack_publicize_message":"","jetpack_publicize_feature_enabled":true,"jetpack_social_post_already_shared":false,"jetpack_social_options":{"image_generator_settings":{"template":"highway","default_image_id":0,"font":"","enabled":false},"version":2}},"categories":[28],"tags":[19],"class_list":["post-214091","post","type-post","status-publish","format-standard","has-post-thumbnail","hentry","category-provincia","tag-copertina"],"acf":[],"jetpack_publicize_connections":[],"_links":{"self":[{"href":"https:\/\/quicosenza.it\/news\/wp-json\/wp\/v2\/posts\/214091","targetHints":{"allow":["GET"]}}],"collection":[{"href":"https:\/\/quicosenza.it\/news\/wp-json\/wp\/v2\/posts"}],"about":[{"href":"https:\/\/quicosenza.it\/news\/wp-json\/wp\/v2\/types\/post"}],"author":[{"embeddable":true,"href":"https:\/\/quicosenza.it\/news\/wp-json\/wp\/v2\/users\/58"}],"replies":[{"embeddable":true,"href":"https:\/\/quicosenza.it\/news\/wp-json\/wp\/v2\/comments?post=214091"}],"version-history":[{"count":0,"href":"https:\/\/quicosenza.it\/news\/wp-json\/wp\/v2\/posts\/214091\/revisions"}],"wp:featuredmedia":[{"embeddable":true,"href":"https:\/\/quicosenza.it\/news\/wp-json\/wp\/v2\/media\/179739"}],"wp:attachment":[{"href":"https:\/\/quicosenza.it\/news\/wp-json\/wp\/v2\/media?parent=214091"}],"wp:term":[{"taxonomy":"category","embeddable":true,"href":"https:\/\/quicosenza.it\/news\/wp-json\/wp\/v2\/categories?post=214091"},{"taxonomy":"post_tag","embeddable":true,"href":"https:\/\/quicosenza.it\/news\/wp-json\/wp\/v2\/tags?post=214091"}],"curies":[{"name":"wp","href":"https:\/\/api.w.org\/{rel}","templated":true}]}}