{"id":214380,"date":"2023-10-23T19:17:34","date_gmt":"2023-10-23T17:17:34","guid":{"rendered":"https:\/\/www.quicosenza.it\/news\/?p=214380"},"modified":"2023-10-23T19:17:34","modified_gmt":"2023-10-23T17:17:34","slug":"albania-nellunione-europea-le-preziose-partnership-con-larberia-cosentina","status":"publish","type":"post","link":"https:\/\/quicosenza.it\/news\/albania-nellunione-europea-le-preziose-partnership-con-larberia-cosentina\/","title":{"rendered":"Albania nell&#8217;Unione Europea, le preziose partnership con l&#8217;Arberia Cosentina"},"content":{"rendered":"<p>VACCARIZZO ALBANESE (CS) \u2013 Per gli albanesi di ultima generazione, l\u2019Arberia rappresenta il luogo in cui andare a ritrovare le origini della lingua e della cultura. Suscitano grande interesse e ispirazione per il futuro le relazioni bilaterali tra la nostra regione e il Paese delle Aquile. La Calabria, infatti, soprattutto in un momento storico difficilissimo sotto il profilo degli equilibri e conflitti regionali e mondiali, assume un&#8217;importanza strategica per la vicina <strong>Albania<\/strong> anche e soprattutto nel suo processo di <strong>adesione alla Unione Europea<\/strong>. In questa prospettiva resta vitale e strategico lo sviluppo di ulteriori partnership regionali, con particolare attenzione al settore dell\u2019agroalimentare e dell\u2019universit\u00e0.<\/p>\n<p>Il sindaco Antonio Pomillo esprime soddisfazione per i passaggi chiave emersi e rilanciati dal <strong>Presidente della Repubblica d\u2019Albania, Gen. Bajram Begaj<\/strong>, col quale accogliendolo ieri (domenica 22) in Piazza Pasquale Scura insieme a al papas Elia Hagi, egli si \u00e8 complimentato per la qualit\u00e0 ed il livello dei contenuti e dei messaggi trasmessi e che hanno distinto tutta la missione calabrese.<\/p>\n<p>Il Presidente \u00e8 stato quindi accompagnato in visita al Museo degli Ori e del Costume arb\u00ebresh, poi alla Chiesa di Santa Maria di Costantinopoli e, infine, in piazza Skandeberg dove ad aspettarlo c\u2019erano gli studenti delle scuole cittadine, con i costumi tradizionali, guidati dalla dirigente scolastica dell\u2019Istituto Comprensivo di San Demetrio Corone, Concetta Smeriglio, alla quale l\u2019Amministrazione Comunale \u00e8 grata per la disponibilit\u00e0 e sensibilit\u00e0 dimostrate.<\/p>\n<p>La bella accoglienza nel salotto diffuso di Vakarici fa seguito alle diverse e partecipatissime tappe che hanno visto<strong> il Capo di Stato albanese ricevuto prima in Cittadella Regionale dal presidente Roberto Occhiuto<\/strong> insieme all\u2019assessore all\u2019agricoltura Gianluca Gallo, nella Sede Rai a Cosenza e, in questi ultimi giorni, nei borghi della pi\u00f9 grande comunit\u00e0 italo-albanese del mondo e per questo motivo inclusa tra i Marcatori Identitari Distintivi (MID) della Calabria Straordinaria.<\/p>\n<p>Insieme a tutta la comunit\u00e0, abbiamo condiviso l&#8217;entusiasmo del Presidente sulla ricchezza culturale rappresentata anzitutto dalla <strong>lingua arb\u00ebreshe, che risuona come eco di tempi e secoli passat<\/strong>i, pari solo all&#8217;emozione \u2013 Pomillo riprende una delle dichiarazioni forse pi\u00f9 belle del Presidente in Calabria \u2013 che un italiano oggi potrebbe provare ascoltando all\u2019improvviso l\u2019italiano di Dante; ed attraverso la lingua abbiamo fatto nostro l\u2019orgoglio delle comuni <strong>tradizioni, dei costumi, della musica e delle danze<\/strong>, patrimonio inestimabile, identitario e distintivo di questa seconda patria condivisa.<\/p>\n<p>C\u2019\u00e8 un <strong>patto fraterno che continua a legare i territori italo-albanesi calabresi all\u2019Albania<\/strong> ed \u00e8 l\u2019incondizionato e continuo sostegno tra le due comunit\u00e0, insieme a quello di tutte le istituzioni albanesi, per promuovere e rafforzare ulteriormente i legami culturali ed economici ed indicare prospettive di sviluppo durevole, anche oltre l\u2019imprescindibile tutela e promozione costituzionali della minoranza linguistica.<\/p>\n","protected":false},"excerpt":{"rendered":"<p>VACCARIZZO ALBANESE (CS) \u2013 Per gli albanesi di ultima generazione, l\u2019Arberia rappresenta il luogo in cui andare a ritrovare le origini della lingua e della cultura. Suscitano grande interesse e ispirazione per il futuro le relazioni bilaterali tra la nostra regione e il Paese delle Aquile. La Calabria, infatti, soprattutto in un momento storico difficilissimo [&hellip;]<\/p>\n","protected":false},"author":58,"featured_media":214382,"comment_status":"closed","ping_status":"closed","sticky":false,"template":"","format":"standard","meta":{"_acf_changed":false,"footnotes":"","jetpack_publicize_message":"","jetpack_publicize_feature_enabled":true,"jetpack_social_post_already_shared":false,"jetpack_social_options":{"image_generator_settings":{"template":"highway","default_image_id":0,"font":"","enabled":false},"version":2}},"categories":[28],"tags":[19],"class_list":["post-214380","post","type-post","status-publish","format-standard","has-post-thumbnail","hentry","category-provincia","tag-copertina"],"acf":[],"jetpack_publicize_connections":[],"_links":{"self":[{"href":"https:\/\/quicosenza.it\/news\/wp-json\/wp\/v2\/posts\/214380","targetHints":{"allow":["GET"]}}],"collection":[{"href":"https:\/\/quicosenza.it\/news\/wp-json\/wp\/v2\/posts"}],"about":[{"href":"https:\/\/quicosenza.it\/news\/wp-json\/wp\/v2\/types\/post"}],"author":[{"embeddable":true,"href":"https:\/\/quicosenza.it\/news\/wp-json\/wp\/v2\/users\/58"}],"replies":[{"embeddable":true,"href":"https:\/\/quicosenza.it\/news\/wp-json\/wp\/v2\/comments?post=214380"}],"version-history":[{"count":0,"href":"https:\/\/quicosenza.it\/news\/wp-json\/wp\/v2\/posts\/214380\/revisions"}],"wp:featuredmedia":[{"embeddable":true,"href":"https:\/\/quicosenza.it\/news\/wp-json\/wp\/v2\/media\/214382"}],"wp:attachment":[{"href":"https:\/\/quicosenza.it\/news\/wp-json\/wp\/v2\/media?parent=214380"}],"wp:term":[{"taxonomy":"category","embeddable":true,"href":"https:\/\/quicosenza.it\/news\/wp-json\/wp\/v2\/categories?post=214380"},{"taxonomy":"post_tag","embeddable":true,"href":"https:\/\/quicosenza.it\/news\/wp-json\/wp\/v2\/tags?post=214380"}],"curies":[{"name":"wp","href":"https:\/\/api.w.org\/{rel}","templated":true}]}}