{"id":214551,"date":"2023-11-01T17:40:20","date_gmt":"2023-11-01T16:40:20","guid":{"rendered":"https:\/\/www.quicosenza.it\/news\/?p=214551"},"modified":"2023-11-01T18:09:59","modified_gmt":"2023-11-01T17:09:59","slug":"dal-mitur-45-milioni-per-i-cammini-religiosi-tappa-di-avvicinamento-al-giubileo-2025","status":"publish","type":"post","link":"https:\/\/quicosenza.it\/news\/dal-mitur-45-milioni-per-i-cammini-religiosi-tappa-di-avvicinamento-al-giubileo-2025\/","title":{"rendered":"Dal MiTur 4,5 milioni per i cammini religiosi: &#8216;tappa di avvicinamento al Giubileo 2025&#8217;"},"content":{"rendered":"<p>ROMA &#8211; Un decreto da 4,5 milioni di euro relativo alle misure attuative<strong> del Fondo per i cammini religiosi, orientato al miglioramento della fruibilit\u00e0 dei percorsi e alla valorizzazione degli immobili pubblici presenti lungo questi itinerari<\/strong>, \u00e8 stato firmato dalla ministra del Turismo Daniela Santanch\u00e8. Nello specifico, la dotazione del Fondo \u00e8 ripartita in 3,5 milioni di euro per l&#8217;anno 2023 e ulteriori 500mila euro per ciascuna delle annualit\u00e0 2024 e 2025, <strong>e riguarda gli itinerari escursionistici a tema religioso o spirituale, interregionali o regionali, percorribili esclusivamente o principalmente a piedi o con mezzi riconducibili al turismo lento e sostenibile<\/strong>.<\/p>\n<p>Successivamente, il ministero del Turismo pubblicher\u00e0 uno o pi\u00f9 avvisi con cui individuare i soggetti, pubblici e privati, destinatari del Fondo. &#8220;Con questo intervento &#8211; dice la ministra intervenendo agli Stati Generali sul cammino e sul turismo sostenibile &#8211; intendiamo rafforzare<strong> la promozione turistica di quello che \u00e8 un asset di grande importanza per lo sviluppo del turismo nella nostra Nazione.<\/strong> Gli itinerari di fede, infatti, favoriscono la sostenibilit\u00e0 del settore non solo dal punto di vista ambientale, ma anche economico e sociale. La Via Francigena, in particolare, risulta uno dei percorsi pi\u00f9 gettonati sui portali web, con oltre 60mila ricerche nel mese di agosto 2023, registrando un aumento del 22% rispetto allo stesso mese dell&#8217;anno precedente.<\/p>\n<p>Questo ci riconferma che stiamo parlando di una vera eccellenza su cui \u00e8 assolutamente necessario investire in modo mirato per ottenere i migliori risultati possibili. Anche perch\u00e9, siamo onesti, l&#8217;Italia \u00e8 la Nazione pi\u00f9 bella del mondo, e pu\u00f2 proporre una tra le offerte turistiche pi\u00f9 diversificate in assoluto, quindi non abbiamo nulla da invidiare agli altri. Il problema \u00e8 perlopi\u00f9 infrastrutturale. <strong>Ecco cos&#8217;\u00e8 che genera quel divario con altre realt\u00e0, come, per esempio, il Cammino di Santiago, soprattutto in termini di indotto e fatturato.<\/strong> Quando ho coperto alcune tappe della Francigena, mi sono resa conto che non ci sono punti di ristoro e si scorgono molte costruzioni abbandonate; \u00e8 proprio qui che bisogna intervenire in maniera specifica. Ritengo che, pur riconoscendo ci sia molto lavoro da fare, siamo sulla strada, anzi sul cammino giusto.<strong> I 4,5 milioni di euro del Fondo per i cammini vanno esattamente in questa direzione e rappresentano un&#8217;ulteriore tappa di avvicinamento al Giubileo 2025:<\/strong> una importantissima vetrina internazionale che vedr\u00e0 Roma e l&#8217;Italia protagoniste di fronte a qualcosa come 30 milioni di pellegrini che arriveranno da ogni dove. Sono certa che tutti noi daremo il massimo per farci trovare pronti&#8221;.<\/p>\n","protected":false},"excerpt":{"rendered":"<p>ROMA &#8211; Un decreto da 4,5 milioni di euro relativo alle misure attuative del Fondo per i cammini religiosi, orientato al miglioramento della fruibilit\u00e0 dei percorsi e alla valorizzazione degli immobili pubblici presenti lungo questi itinerari, \u00e8 stato firmato dalla ministra del Turismo Daniela Santanch\u00e8. Nello specifico, la dotazione del Fondo \u00e8 ripartita in 3,5 [&hellip;]<\/p>\n","protected":false},"author":61,"featured_media":214553,"comment_status":"closed","ping_status":"closed","sticky":false,"template":"","format":"standard","meta":{"_acf_changed":false,"footnotes":"","jetpack_publicize_message":"","jetpack_publicize_feature_enabled":true,"jetpack_social_post_already_shared":false,"jetpack_social_options":{"image_generator_settings":{"template":"highway","default_image_id":0,"font":"","enabled":false},"version":2}},"categories":[16],"tags":[19],"class_list":["post-214551","post","type-post","status-publish","format-standard","has-post-thumbnail","hentry","category-italia","tag-copertina"],"acf":[],"jetpack_publicize_connections":[],"_links":{"self":[{"href":"https:\/\/quicosenza.it\/news\/wp-json\/wp\/v2\/posts\/214551","targetHints":{"allow":["GET"]}}],"collection":[{"href":"https:\/\/quicosenza.it\/news\/wp-json\/wp\/v2\/posts"}],"about":[{"href":"https:\/\/quicosenza.it\/news\/wp-json\/wp\/v2\/types\/post"}],"author":[{"embeddable":true,"href":"https:\/\/quicosenza.it\/news\/wp-json\/wp\/v2\/users\/61"}],"replies":[{"embeddable":true,"href":"https:\/\/quicosenza.it\/news\/wp-json\/wp\/v2\/comments?post=214551"}],"version-history":[{"count":0,"href":"https:\/\/quicosenza.it\/news\/wp-json\/wp\/v2\/posts\/214551\/revisions"}],"wp:featuredmedia":[{"embeddable":true,"href":"https:\/\/quicosenza.it\/news\/wp-json\/wp\/v2\/media\/214553"}],"wp:attachment":[{"href":"https:\/\/quicosenza.it\/news\/wp-json\/wp\/v2\/media?parent=214551"}],"wp:term":[{"taxonomy":"category","embeddable":true,"href":"https:\/\/quicosenza.it\/news\/wp-json\/wp\/v2\/categories?post=214551"},{"taxonomy":"post_tag","embeddable":true,"href":"https:\/\/quicosenza.it\/news\/wp-json\/wp\/v2\/tags?post=214551"}],"curies":[{"name":"wp","href":"https:\/\/api.w.org\/{rel}","templated":true}]}}