{"id":214984,"date":"2023-10-29T11:27:36","date_gmt":"2023-10-29T10:27:36","guid":{"rendered":"https:\/\/www.quicosenza.it\/news\/?p=214984"},"modified":"2023-10-29T11:28:27","modified_gmt":"2023-10-29T10:28:27","slug":"cosenza-minutolo-presto-nel-centro-storico-un-polo-sanitario","status":"publish","type":"post","link":"https:\/\/quicosenza.it\/news\/cosenza-minutolo-presto-nel-centro-storico-un-polo-sanitario\/","title":{"rendered":"Cosenza, Minutolo: \u00abpresto nel centro storico un polo sanitario\u00bb"},"content":{"rendered":"<p>COSENZA &#8211; &#8220;Dopo la raccolta di pi\u00f9 di 400 firme online in periodo di pandemia, numerosi articoli sulla stampa\u00a0 e sui social e gli incontri con la Presidente della Provincia Rosaria Succurro, il Presidente della Regione Roberto Occhiuto ed il Commissari dell\u2019ASL Antonio Graziano, finalmente di siamo!. Tra non molto, all\u2019acquisto da parte dell\u2019Azienda Sanitaria Provinciale dello stabile di via Isonzo, seguir\u00e0 <strong>l\u2019acquisizione dell\u2019ex Istituto Tecnico Commerciale \u201cA. Serra\u201d sito in via Bendicenti<\/strong>, di propriet\u00e0 della Provincia di Cosenza per come proposto ormai da sette anni dall\u2019associazione \u201cIo partecipiamo\u201d.<\/p>\n<p>A scriverlo<strong> Piero Minutolo (Presidente associazione \u201cIo partecipiamo\u201d &#8211; ex Sindaco di Cosenza)<\/strong> che specifica che &#8220;E\u2019 quanto ribadito oggi sulla stampa dal Commissario dell\u2019ASP di Cosenza, <strong>Antonio Graziano<\/strong>, a conferma di <strong>quanto concordato durante l\u2019incontr<\/strong>o svoltosi il 25 maggio scorso con una delegazione dell\u2019associazione presieduta da Piero Minutolo.<\/p>\n<p>L\u2019edificio, inutilizzato da diversi anni, sar\u00e0 ristrutturato per diventare sede di buona parte dei servizi dell\u2019Azienda Sanitaria Provinciale attualmente dislocati in luoghi della citt\u00e0 dei Bruzi tra loro distanti e persino sprovvisti di parcheggi. Considerata la sua ampiezza (3.200 mq) uno spazio potr\u00e0 essere destinato anche alla cura degli ammalati fragili mediante strumenti e piattaforme di telemedicina e teleassistenza.<\/p>\n<p>Con l\u2019attuazione della nostra idea, ha affermato Minutolo, considerato che su via Bendicenti sorger\u00e0 a poche centinaia di metri nell\u2019attuale sede dei vigili urbani anche la casa della comunit\u00e0, <strong>il centro storico avr\u00e0 sul suo territorio un fondamentale polo sanitario di prevenzione e cura<\/strong> con prevedibili ricadute economico-sociali positive.<\/p>\n<p>Questi importanti insediamenti sanitari insieme agli investimenti in via di attuazione di Agenda Urbana e del Cis, segneranno, dopo anni di promesse e di abbandono, l\u2019inizio di un concreto processo di rigenerazione della citt\u00e0 storica. La nostra proposta, se saranno velocizzate le procedure burocratiche, potr\u00e0 diventare realt\u00e0 in un paio di anni e far\u00e0 conseguire all\u2019ASP un\u2019economia di spesa di almeno 4 milioni di euro in cinque anni che<strong><b>\u00a0<\/b><\/strong>potrebbe essere utilmente indirizzata verso la razionalizzazione, il potenziamento e l\u2019ammodernamento della medicina territoriale.<\/p>\n<p>Si avvicina il raggiungimento di un altro traguardo &#8211; conclude &#8211; perseguito con tenacia dall\u2019associazione politico- culturale \u201cIo partecipiamo\u201d finalizzato al ripopolamento, alla valorizzazione del centro storico e al riequilibrio dei servizi sanitari pubblici nel territorio a sud di Cosenza&#8221;.<\/p>\n","protected":false},"excerpt":{"rendered":"<p>COSENZA &#8211; &#8220;Dopo la raccolta di pi\u00f9 di 400 firme online in periodo di pandemia, numerosi articoli sulla stampa\u00a0 e sui social e gli incontri con la Presidente della Provincia Rosaria Succurro, il Presidente della Regione Roberto Occhiuto ed il Commissari dell\u2019ASL Antonio Graziano, finalmente di siamo!. Tra non molto, all\u2019acquisto da parte dell\u2019Azienda Sanitaria [&hellip;]<\/p>\n","protected":false},"author":58,"featured_media":214987,"comment_status":"closed","ping_status":"closed","sticky":false,"template":"","format":"standard","meta":{"_acf_changed":false,"footnotes":"","jetpack_publicize_message":"","jetpack_publicize_feature_enabled":true,"jetpack_social_post_already_shared":false,"jetpack_social_options":{"image_generator_settings":{"template":"highway","default_image_id":0,"font":"","enabled":false},"version":2}},"categories":[563,42],"tags":[19],"class_list":["post-214984","post","type-post","status-publish","format-standard","has-post-thumbnail","hentry","category-area-urbana","category-cosenza","tag-copertina"],"acf":[],"jetpack_publicize_connections":[],"_links":{"self":[{"href":"https:\/\/quicosenza.it\/news\/wp-json\/wp\/v2\/posts\/214984","targetHints":{"allow":["GET"]}}],"collection":[{"href":"https:\/\/quicosenza.it\/news\/wp-json\/wp\/v2\/posts"}],"about":[{"href":"https:\/\/quicosenza.it\/news\/wp-json\/wp\/v2\/types\/post"}],"author":[{"embeddable":true,"href":"https:\/\/quicosenza.it\/news\/wp-json\/wp\/v2\/users\/58"}],"replies":[{"embeddable":true,"href":"https:\/\/quicosenza.it\/news\/wp-json\/wp\/v2\/comments?post=214984"}],"version-history":[{"count":0,"href":"https:\/\/quicosenza.it\/news\/wp-json\/wp\/v2\/posts\/214984\/revisions"}],"wp:featuredmedia":[{"embeddable":true,"href":"https:\/\/quicosenza.it\/news\/wp-json\/wp\/v2\/media\/214987"}],"wp:attachment":[{"href":"https:\/\/quicosenza.it\/news\/wp-json\/wp\/v2\/media?parent=214984"}],"wp:term":[{"taxonomy":"category","embeddable":true,"href":"https:\/\/quicosenza.it\/news\/wp-json\/wp\/v2\/categories?post=214984"},{"taxonomy":"post_tag","embeddable":true,"href":"https:\/\/quicosenza.it\/news\/wp-json\/wp\/v2\/tags?post=214984"}],"curies":[{"name":"wp","href":"https:\/\/api.w.org\/{rel}","templated":true}]}}