{"id":215216,"date":"2023-10-31T15:21:56","date_gmt":"2023-10-31T14:21:56","guid":{"rendered":"https:\/\/www.quicosenza.it\/news\/?p=215216"},"modified":"2023-10-31T15:21:56","modified_gmt":"2023-10-31T14:21:56","slug":"castiglione-cosentino-musica-e-castagne-gratis-per-la-grande-festa-dautunno","status":"publish","type":"post","link":"https:\/\/quicosenza.it\/news\/castiglione-cosentino-musica-e-castagne-gratis-per-la-grande-festa-dautunno\/","title":{"rendered":"Castiglione Cosentino, musica e castagne gratis per la grande festa d&#8217;autunno"},"content":{"rendered":"<div dir=\"ltr\">CASTIGLIONE COSENTINO (CS) &#8211; Il<strong> 4 e il 5 novembre<\/strong> torna la grande <strong>festa d&#8217;autunno prodotta da Harmonia &#8211; Arte Musica Spettacolo<\/strong>. Una terza edizione che avr\u00e0 luogo nella suggestiva location della piazza del Convento di S.Antonio a Castiglione Cosentino, un balcone sulla citt\u00e0 di Rende e Cosenza da cui godere del bellissimo panorama e assaporare gusti e profumi autunnali.<\/div>\n<div dir=\"ltr\"><\/div>\n<div dir=\"ltr\">Un <strong>weekend ricco di appuntamenti<\/strong> adatti a tutte le et\u00e0, sabato si aprir\u00e0 la festa con un evento culturale dove si parler\u00e0 di &#8220;cambiamento climatico e il futuro dell&#8217;agricoltura&#8221;, interessanti e importanti ospiti che si confronteranno su questa tematica attualissima. Si proseguir\u00e0 con<strong> &#8220;Autumn Parade&#8221; la sfilata di gruppi di tamburinari<\/strong> provenienti da tutta la provincia di Cosenza che scalderanno tutti col suono coinvolgente e tradizionale dei tamburi, al termine della loro sfilata si raduneranno tutti in piazza attorno al grande pentolone di caldarroste pronte per essere gustate in modo gratuito.<\/div>\n<div dir=\"ltr\"><\/div>\n<div dir=\"ltr\">La novit\u00e0 di questa edizione sar\u00e0 anche nella cucina, dove rimarr\u00e0 l&#8217;alta qualit\u00e0 dei piatti che contraddistingue l&#8217;evento, ma si amplier\u00e0 lo staff, ad affiancare Andrea Verardi, chef Harmonia, ci saranno Hamza Nafki e Ismael Hamil chef pluripremiati con la loro cucina nazionale e internazionale.<\/div>\n<div dir=\"ltr\"><\/div>\n<div dir=\"ltr\">Uno degli obiettivi di Harmonia \u00e8 offrire piatti accessibili a tutti ma con qualit\u00e0, in uno <strong>stand gastronomico dai sapori tutti autunnali.<\/strong><\/div>\n<div dir=\"ltr\"><\/div>\n<div dir=\"ltr\"><strong>Dalle 21:00 &#8220;Ruggero Mago leggero&#8221;<\/strong> coinvolger\u00e0 tutti gli ospiti in uno spettacolo con un mix di stupore e divertimento. Dalle 22.30 inizier\u00e0 il vero sabato sera che riscalder\u00e0 la serata con il Djset di DJ AGO e i straordinari cocktail di &#8220;Pitty&#8217;s&#8221;.<\/div>\n<div dir=\"ltr\"><\/div>\n<div dir=\"ltr\">Domenica pomeriggio sar\u00e0 invece dedicata ai pi\u00f9 piccoli con mascotte, giochi, musica, bolle e tanto sano divertimento per tutti i bambini.<\/div>\n<div dir=\"ltr\"><\/div>\n<div dir=\"ltr\">A seguire <strong>la cena-spettacolo<\/strong> con il &#8220;6 diverso da zero Concert&#8221;, cover del grande Renato Zero che concluder\u00e0 una terza edizione di &#8220;FESTA DELLA CASTAGNA \u2013 Sapori d&#8217;autunno&#8221; tutta da assaporare.<\/div>\n","protected":false},"excerpt":{"rendered":"<p>CASTIGLIONE COSENTINO (CS) &#8211; Il 4 e il 5 novembre torna la grande festa d&#8217;autunno prodotta da Harmonia &#8211; Arte Musica Spettacolo. Una terza edizione che avr\u00e0 luogo nella suggestiva location della piazza del Convento di S.Antonio a Castiglione Cosentino, un balcone sulla citt\u00e0 di Rende e Cosenza da cui godere del bellissimo panorama e [&hellip;]<\/p>\n","protected":false},"author":58,"featured_media":215218,"comment_status":"closed","ping_status":"closed","sticky":false,"template":"","format":"standard","meta":{"_acf_changed":false,"footnotes":"","jetpack_publicize_message":"","jetpack_publicize_feature_enabled":true,"jetpack_social_post_already_shared":false,"jetpack_social_options":{"image_generator_settings":{"template":"highway","default_image_id":0,"font":"","enabled":false},"version":2}},"categories":[28],"tags":[],"class_list":["post-215216","post","type-post","status-publish","format-standard","has-post-thumbnail","hentry","category-provincia"],"acf":[],"jetpack_publicize_connections":[],"_links":{"self":[{"href":"https:\/\/quicosenza.it\/news\/wp-json\/wp\/v2\/posts\/215216","targetHints":{"allow":["GET"]}}],"collection":[{"href":"https:\/\/quicosenza.it\/news\/wp-json\/wp\/v2\/posts"}],"about":[{"href":"https:\/\/quicosenza.it\/news\/wp-json\/wp\/v2\/types\/post"}],"author":[{"embeddable":true,"href":"https:\/\/quicosenza.it\/news\/wp-json\/wp\/v2\/users\/58"}],"replies":[{"embeddable":true,"href":"https:\/\/quicosenza.it\/news\/wp-json\/wp\/v2\/comments?post=215216"}],"version-history":[{"count":0,"href":"https:\/\/quicosenza.it\/news\/wp-json\/wp\/v2\/posts\/215216\/revisions"}],"wp:featuredmedia":[{"embeddable":true,"href":"https:\/\/quicosenza.it\/news\/wp-json\/wp\/v2\/media\/215218"}],"wp:attachment":[{"href":"https:\/\/quicosenza.it\/news\/wp-json\/wp\/v2\/media?parent=215216"}],"wp:term":[{"taxonomy":"category","embeddable":true,"href":"https:\/\/quicosenza.it\/news\/wp-json\/wp\/v2\/categories?post=215216"},{"taxonomy":"post_tag","embeddable":true,"href":"https:\/\/quicosenza.it\/news\/wp-json\/wp\/v2\/tags?post=215216"}],"curies":[{"name":"wp","href":"https:\/\/api.w.org\/{rel}","templated":true}]}}