{"id":215252,"date":"2023-11-04T21:00:17","date_gmt":"2023-11-04T20:00:17","guid":{"rendered":"https:\/\/www.quicosenza.it\/news\/?p=215252"},"modified":"2023-11-04T14:54:41","modified_gmt":"2023-11-04T13:54:41","slug":"libri-da-condividere-in-piazze-e-strade-liniziativa-dal-basso-a-cariati","status":"publish","type":"post","link":"https:\/\/quicosenza.it\/news\/libri-da-condividere-in-piazze-e-strade-liniziativa-dal-basso-a-cariati\/","title":{"rendered":"Libri da condividere in piazze e strade: l&#8217;iniziativa dal basso a Cariati"},"content":{"rendered":"<p class=\"v1MsoNormal\">CARIATI (CS) \u2013 <strong>Condividere libri nelle piazze e per strada per renderli accessibili a tutt<\/strong>i risponde ad un&#8217;esigenza di promozione socio-culturale e di cittadinanza consapevole che coincide con la visione di sviluppo locale che anima il nostro progetto politico-amministrativo.<\/p>\n<p class=\"v1MsoNormal\">\u00c8 quanto dichiara il<strong> sindaco Cataldo Min\u00f2<\/strong> complimentandosi, insieme alla consigliera delegata alla promozione della cultura Alda Montesanto, con lo scrittore e turista Nicola Campoli per la proposta pubblica di collaborazione dal basso finalizzata alla realizzazione di tre postazioni di bookcrossing in altrettanti spazi della citt\u00e0.<\/p>\n<p class=\"v1MsoNormal\">\u00c8 un&#8217;iniziativa \u2013 sottolinea il Primo cittadino \u2013 che ha un doppio valore:<strong> verr\u00e0 realizzata grazie all&#8217;impegno di cittadini<\/strong> che credono ed investono nella loro comunit\u00e0; contribuisce a rafforzare la coesione civica attraverso l&#8217;abbattimento di barriere sociali e generazionali ed aprendo le porte alla conoscenza e alla condivisione del sapere.<\/p>\n<p class=\"v1MsoNormal\">La consigliera Montesanto ringrazia sin da ora quanti si uniranno a Nicola Campoli per il raggiungimento di questo nuovo obiettivo che \u00e8 anche di educazione civica.<\/p>\n<p class=\"v1MsoNormal\"><strong>Piccole casette, come il covo di un&#8217;upupa, l&#8217;uccello che per antonomasia simboleggia l&#8217;acutezza intellettuale, piene di libri: saranno allestite nella cittadella fortificata bizantina<\/strong>, nei pressi di Area 51 e sul Lungomare Colombo.<\/p>\n<p class=\"v1MsoNormal\">Chiunque \u2013 \u00e8 questo il cuore del progetto proposto da Campoli e fatto proprio dall&#8217;Esecutivo Min\u00f2 \u2013 potr\u00e0 andare ad attingere a questo nido portando con s\u00e9 un proprio volume, che ha gi\u00e0 letto o vuole condividere, prendendone in prestito degli altri. Una vera e propria catena virtuosa per diffondere la lettura che si regger\u00e0 in piedi solo grazie alla collaborazione della cittadinanza.<\/p>\n","protected":false},"excerpt":{"rendered":"<p>CARIATI (CS) \u2013 Condividere libri nelle piazze e per strada per renderli accessibili a tutti risponde ad un&#8217;esigenza di promozione socio-culturale e di cittadinanza consapevole che coincide con la visione di sviluppo locale che anima il nostro progetto politico-amministrativo. \u00c8 quanto dichiara il sindaco Cataldo Min\u00f2 complimentandosi, insieme alla consigliera delegata alla promozione della cultura [&hellip;]<\/p>\n","protected":false},"author":58,"featured_media":215254,"comment_status":"closed","ping_status":"closed","sticky":false,"template":"","format":"standard","meta":{"_acf_changed":false,"footnotes":"","jetpack_publicize_message":"","jetpack_publicize_feature_enabled":true,"jetpack_social_post_already_shared":false,"jetpack_social_options":{"image_generator_settings":{"template":"highway","default_image_id":0,"font":"","enabled":false},"version":2}},"categories":[28],"tags":[],"class_list":["post-215252","post","type-post","status-publish","format-standard","has-post-thumbnail","hentry","category-provincia"],"acf":[],"jetpack_publicize_connections":[],"_links":{"self":[{"href":"https:\/\/quicosenza.it\/news\/wp-json\/wp\/v2\/posts\/215252","targetHints":{"allow":["GET"]}}],"collection":[{"href":"https:\/\/quicosenza.it\/news\/wp-json\/wp\/v2\/posts"}],"about":[{"href":"https:\/\/quicosenza.it\/news\/wp-json\/wp\/v2\/types\/post"}],"author":[{"embeddable":true,"href":"https:\/\/quicosenza.it\/news\/wp-json\/wp\/v2\/users\/58"}],"replies":[{"embeddable":true,"href":"https:\/\/quicosenza.it\/news\/wp-json\/wp\/v2\/comments?post=215252"}],"version-history":[{"count":0,"href":"https:\/\/quicosenza.it\/news\/wp-json\/wp\/v2\/posts\/215252\/revisions"}],"wp:featuredmedia":[{"embeddable":true,"href":"https:\/\/quicosenza.it\/news\/wp-json\/wp\/v2\/media\/215254"}],"wp:attachment":[{"href":"https:\/\/quicosenza.it\/news\/wp-json\/wp\/v2\/media?parent=215252"}],"wp:term":[{"taxonomy":"category","embeddable":true,"href":"https:\/\/quicosenza.it\/news\/wp-json\/wp\/v2\/categories?post=215252"},{"taxonomy":"post_tag","embeddable":true,"href":"https:\/\/quicosenza.it\/news\/wp-json\/wp\/v2\/tags?post=215252"}],"curies":[{"name":"wp","href":"https:\/\/api.w.org\/{rel}","templated":true}]}}