{"id":215294,"date":"2023-11-05T21:00:54","date_gmt":"2023-11-05T20:00:54","guid":{"rendered":"https:\/\/www.quicosenza.it\/news\/?p=215294"},"modified":"2023-11-04T14:57:25","modified_gmt":"2023-11-04T13:57:25","slug":"il-mare-e-la-calabria-aspetti-economici-vocazione-turistica-ed-opportunita-imprenditoriali","status":"publish","type":"post","link":"https:\/\/quicosenza.it\/news\/il-mare-e-la-calabria-aspetti-economici-vocazione-turistica-ed-opportunita-imprenditoriali\/","title":{"rendered":"&#8216;Il Mare e la Calabria: aspetti economici, turistici ed opportunit\u00e0 imprenditoriali&#8217;"},"content":{"rendered":"<p>CATANZARO \u2013 L\u2019economia del mare \u00e8 una risorsa che genera <strong>ricchezza, occupazione e innovazione<\/strong> secondo un modello <strong>collaborativo e sostenibile<\/strong>. Il mare unisce settori e tradizioni diverse in un tessuto imprenditoriale diffuso che pu\u00f2 essere una leva straordinaria per il rilancio anche della nostra regione. <strong>Al mare e alla Calabria \u00e8 dedicato<\/strong> il <strong>convegno<\/strong> organizzato dal Rotary Club Catanzaro Distretto 2102 dal titolo<strong> \u201cIl Mare e la Calabria. Aspetti economici, vocazione turistica ed opportunit\u00e0 imprenditoriali\u201d<\/strong> che si terr\u00e0 nella sede del Rotary Club Catanzaro in via Bambinello Ges\u00f9, <strong>gioved\u00ec 9 novembre alle 18.30<\/strong>.<\/p>\n<p>\u201cIl lavoro e l\u2019occupazione giovanile\u201d \u00e8 stato, infatti, uno degli argomenti al centro dell\u2019attenzione della convention di inizio anno dei Governatori Rotary d\u2019Italia. \u201cRiprendendo il tema e fedeli al motto del Presidente Internazionale McInally \u201ccreiamo speranza nel mondo\u201d abbiamo pensato, per la nostra Calabria, ad un convegno sul \u201cMare\u201d \u2013 spiega il presidente del Rotary Club Catanzaro, Carlo Maletta &#8211; per rappresentare, approfondire e denunciare le immense <strong>potenzialit\u00e0 tuttora inespresse<\/strong>, le occasioni perse e da cogliere, le incredibili opportunit\u00e0 che tale fantastica risorsa naturale potrebbe donare alla nostra comunit\u00e0, al nostro territorio, ai nostri ragazzi\u201d.<\/p>\n<p>I lavori saranno aperti dai saluti istituzionali del presidente Carlo Maletta, in collaborazione con Carlo Maria Comito, presidente Rotary Club Catanzaro Tre Colli; Giancarlo Pitari, presidente Rotary Club Cropani; Gianluca Roman\u00f2, presidente Rotary Club Crotone; Antonella Nocita, presidente Rotary Club Santa Severina e Pietro Daniele, presidente Rotary Club Soverato. Seguiranno gli interventi dei relatori: Marcello Malamisura, direttore della filiale di Catanzaro della Banca d\u2019Italia; Ferruccio Alessandro Grassia, comandante in seconda della capitaneria di porto di Crotone; Fabio Primerano, presidente di Federalberghi Lombardia e imprenditore del settore Turistico Alberghiero.<\/p>\n<p><img loading=\"lazy\" decoding=\"async\" class=\" wp-image-215297 aligncenter\" src=\"https:\/\/quicosenza.it\/news\/wp-content\/uploads\/2023\/11\/LOCANDINA-ROTARY-scaled.jpg\" alt=\"LOCANDINA ROTARY\" width=\"471\" height=\"650\" title=\"\" srcset=\"https:\/\/quicosenza.it\/news\/wp-content\/uploads\/2023\/11\/LOCANDINA-ROTARY-scaled.jpg 724w, https:\/\/quicosenza.it\/news\/wp-content\/uploads\/2023\/11\/LOCANDINA-ROTARY-217x300.jpg 217w, https:\/\/quicosenza.it\/news\/wp-content\/uploads\/2023\/11\/LOCANDINA-ROTARY-741x1024.jpg 741w, https:\/\/quicosenza.it\/news\/wp-content\/uploads\/2023\/11\/LOCANDINA-ROTARY-768x1061.jpg 768w, https:\/\/quicosenza.it\/news\/wp-content\/uploads\/2023\/11\/LOCANDINA-ROTARY-1112x1536.jpg 1112w, https:\/\/quicosenza.it\/news\/wp-content\/uploads\/2023\/11\/LOCANDINA-ROTARY-150x207.jpg 150w, https:\/\/quicosenza.it\/news\/wp-content\/uploads\/2023\/11\/LOCANDINA-ROTARY-300x415.jpg 300w, https:\/\/quicosenza.it\/news\/wp-content\/uploads\/2023\/11\/LOCANDINA-ROTARY-696x962.jpg 696w, https:\/\/quicosenza.it\/news\/wp-content\/uploads\/2023\/11\/LOCANDINA-ROTARY-1068x1476.jpg 1068w, https:\/\/quicosenza.it\/news\/wp-content\/uploads\/2023\/11\/LOCANDINA-ROTARY-304x420.jpg 304w\" sizes=\"auto, (max-width: 471px) 100vw, 471px\" \/><\/p>\n","protected":false},"excerpt":{"rendered":"<p>CATANZARO \u2013 L\u2019economia del mare \u00e8 una risorsa che genera ricchezza, occupazione e innovazione secondo un modello collaborativo e sostenibile. Il mare unisce settori e tradizioni diverse in un tessuto imprenditoriale diffuso che pu\u00f2 essere una leva straordinaria per il rilancio anche della nostra regione. Al mare e alla Calabria \u00e8 dedicato il convegno organizzato [&hellip;]<\/p>\n","protected":false},"author":42,"featured_media":215296,"comment_status":"closed","ping_status":"closed","sticky":false,"template":"","format":"standard","meta":{"_acf_changed":false,"footnotes":"","jetpack_publicize_message":"","jetpack_publicize_feature_enabled":true,"jetpack_social_post_already_shared":false,"jetpack_social_options":{"image_generator_settings":{"template":"highway","default_image_id":0,"font":"","enabled":false},"version":2}},"categories":[17],"tags":[],"class_list":["post-215294","post","type-post","status-publish","format-standard","has-post-thumbnail","hentry","category-calabria"],"acf":[],"jetpack_publicize_connections":[],"_links":{"self":[{"href":"https:\/\/quicosenza.it\/news\/wp-json\/wp\/v2\/posts\/215294","targetHints":{"allow":["GET"]}}],"collection":[{"href":"https:\/\/quicosenza.it\/news\/wp-json\/wp\/v2\/posts"}],"about":[{"href":"https:\/\/quicosenza.it\/news\/wp-json\/wp\/v2\/types\/post"}],"author":[{"embeddable":true,"href":"https:\/\/quicosenza.it\/news\/wp-json\/wp\/v2\/users\/42"}],"replies":[{"embeddable":true,"href":"https:\/\/quicosenza.it\/news\/wp-json\/wp\/v2\/comments?post=215294"}],"version-history":[{"count":0,"href":"https:\/\/quicosenza.it\/news\/wp-json\/wp\/v2\/posts\/215294\/revisions"}],"wp:featuredmedia":[{"embeddable":true,"href":"https:\/\/quicosenza.it\/news\/wp-json\/wp\/v2\/media\/215296"}],"wp:attachment":[{"href":"https:\/\/quicosenza.it\/news\/wp-json\/wp\/v2\/media?parent=215294"}],"wp:term":[{"taxonomy":"category","embeddable":true,"href":"https:\/\/quicosenza.it\/news\/wp-json\/wp\/v2\/categories?post=215294"},{"taxonomy":"post_tag","embeddable":true,"href":"https:\/\/quicosenza.it\/news\/wp-json\/wp\/v2\/tags?post=215294"}],"curies":[{"name":"wp","href":"https:\/\/api.w.org\/{rel}","templated":true}]}}