{"id":215423,"date":"2023-11-03T11:30:51","date_gmt":"2023-11-03T10:30:51","guid":{"rendered":"https:\/\/www.quicosenza.it\/news\/?p=215423"},"modified":"2023-11-03T11:19:38","modified_gmt":"2023-11-03T10:19:38","slug":"sindaco-vittima-di-un-atto-intimidatorio-incendiati-terreni-e-ulivi-di-sua-proprieta","status":"publish","type":"post","link":"https:\/\/quicosenza.it\/news\/sindaco-vittima-di-un-atto-intimidatorio-incendiati-terreni-e-ulivi-di-sua-proprieta\/","title":{"rendered":"Sindaco vittima di un atto intimidatorio, incendiati terreni e ulivi di sua propriet\u00e0"},"content":{"rendered":"<p>SANTA CATERINA DELLO IONIO (CZ) &#8211; I fatti risalgono a qualche giorno fa e il sindaco di Santa Caterina dello Ionio, <strong>Francesco Severino<\/strong>, aveva lanciato un grido d&#8217;allarme: &#8220;Adesso basta. Dobbiamo purtroppo constatare, ancora una volta &#8211; ha dichiarato il primo cittadino &#8211; l\u2019ennesimo atto doloso. Dopo aver domato le fiamme nei pressi della mia abitazione qualche giorno fa, \u00e8 stata la volta del mio appezzamento di terra in localit\u00e0 <strong>Santa Barbara e anche di localit\u00e0 limitrofe<\/strong> dove, alcune piante, sono state raggiunte e distrutte da un incendio. Anche in questa occasione<strong> ho prontamente informato le Forze dell\u2019Ordine<\/strong> per le indagini del caso e con loro siamo in contatto per la gestione di questa incresciosa situazione&#8221;.<\/p>\n<p>&#8220;Una cosa \u00e8 certa &#8211; ha scritto il sindaco su Facebook &#8211; non possiamo pi\u00f9 tollerare questi atteggiamenti che tanto nuocciono al nostro territorio, alla vegetazione ed all&#8217;ambiente e non possiamo essere magnanimi verso chi vanifica gli sforzi di tanti coltivatori. Per tali ragioni, parte un\u2019azione maggiore e incisiva volta ad individuare gli autori di questi gesti inqualificabili che non solo hanno arrecato danni al sottoscritto, costringendomi a fronteggiare delle spese, ma<strong> contribuiscono ogni giorno negativamente in tema di tutela e salvaguardia ambientale<\/strong>. Sin da subito, anche la Polizia Municipale sar\u00e0 impegnata in un controllo capillare del territorio cos\u00ec da individuare e sanzionare severamente i fautori di tutto questo scempio&#8221;.<\/p>\n<p>&#8220;Da cittadino e sindaco di questa comunit\u00e0 esprimo quindi la mia profonda indignazione e prometto il massimo impegno affinch\u00e9 questo fenomeno venga presto arginato. Il nostro lavoro nelle zone rurali ha contribuito a far tornare i cittadini alla terra ed anche per questo, non possiamo pi\u00f9 permettere che tutto ci\u00f2 riaccada. \u00c8 giunto il momento di dire basta!&#8221;.<\/p>\n<p>Ad esprimere a titolo personale e a nome del <strong>Gruppo del Partito Democratico in Consiglio Regionale<\/strong> e del segretario regionale Nicola Irto, la massima vicinanza al sindaco \u00e8 Ernesto Alecci: &#8220;Alla <strong>vicinanza<\/strong> si accompagna lo <strong>sdegno<\/strong> per questi <strong>atti, vili e inaccettabili,<\/strong> soprattutto se effettuati contro chi ogni giorno, con passione e sacrificio, si reca in municipio con l\u2019unico scopo di mettere il proprio lavoro a disposizione della citt\u00e0 e dei suoi abitanti. Un lavoro certamente importante, cos\u00ec come hanno evidenziato i risultati delle ultime elezioni amministrative di Santa Caterina nel mese di maggio, in cui il Sindaco Severino ha ottenuto la riconferma del mandato con un risultato senza precedenti. Come sempre il <strong>Pd \u00e8 al fianco di questi amministratori<\/strong>, sostenendoli e aiutandoli nella loro attivit\u00e0 quotidiana, volta allo sviluppo e alla crescita dei territori. Attivit\u00e0 che non potr\u00e0 certamente essere fermata o messa in discussione dalle <strong>azioni di pochi vigliacchi<\/strong> che continuano ad operare nell\u2019ombra dell\u2019illegalit\u00e0&#8221;.<\/p>\n","protected":false},"excerpt":{"rendered":"<p>SANTA CATERINA DELLO IONIO (CZ) &#8211; I fatti risalgono a qualche giorno fa e il sindaco di Santa Caterina dello Ionio, Francesco Severino, aveva lanciato un grido d&#8217;allarme: &#8220;Adesso basta. Dobbiamo purtroppo constatare, ancora una volta &#8211; ha dichiarato il primo cittadino &#8211; l\u2019ennesimo atto doloso. Dopo aver domato le fiamme nei pressi della mia [&hellip;]<\/p>\n","protected":false},"author":42,"featured_media":215425,"comment_status":"closed","ping_status":"closed","sticky":false,"template":"","format":"standard","meta":{"_acf_changed":false,"footnotes":"","jetpack_publicize_message":"","jetpack_publicize_feature_enabled":true,"jetpack_social_post_already_shared":false,"jetpack_social_options":{"image_generator_settings":{"template":"highway","default_image_id":0,"font":"","enabled":false},"version":2}},"categories":[17],"tags":[19],"class_list":["post-215423","post","type-post","status-publish","format-standard","has-post-thumbnail","hentry","category-calabria","tag-copertina"],"acf":[],"jetpack_publicize_connections":[],"_links":{"self":[{"href":"https:\/\/quicosenza.it\/news\/wp-json\/wp\/v2\/posts\/215423","targetHints":{"allow":["GET"]}}],"collection":[{"href":"https:\/\/quicosenza.it\/news\/wp-json\/wp\/v2\/posts"}],"about":[{"href":"https:\/\/quicosenza.it\/news\/wp-json\/wp\/v2\/types\/post"}],"author":[{"embeddable":true,"href":"https:\/\/quicosenza.it\/news\/wp-json\/wp\/v2\/users\/42"}],"replies":[{"embeddable":true,"href":"https:\/\/quicosenza.it\/news\/wp-json\/wp\/v2\/comments?post=215423"}],"version-history":[{"count":0,"href":"https:\/\/quicosenza.it\/news\/wp-json\/wp\/v2\/posts\/215423\/revisions"}],"wp:featuredmedia":[{"embeddable":true,"href":"https:\/\/quicosenza.it\/news\/wp-json\/wp\/v2\/media\/215425"}],"wp:attachment":[{"href":"https:\/\/quicosenza.it\/news\/wp-json\/wp\/v2\/media?parent=215423"}],"wp:term":[{"taxonomy":"category","embeddable":true,"href":"https:\/\/quicosenza.it\/news\/wp-json\/wp\/v2\/categories?post=215423"},{"taxonomy":"post_tag","embeddable":true,"href":"https:\/\/quicosenza.it\/news\/wp-json\/wp\/v2\/tags?post=215423"}],"curies":[{"name":"wp","href":"https:\/\/api.w.org\/{rel}","templated":true}]}}