{"id":215527,"date":"2023-11-04T12:48:18","date_gmt":"2023-11-04T11:48:18","guid":{"rendered":"https:\/\/www.quicosenza.it\/news\/?p=215527"},"modified":"2023-11-04T12:48:18","modified_gmt":"2023-11-04T11:48:18","slug":"cosenza-in-piazza-della-vittoria-la-celebrazione-del-4-novembre-video","status":"publish","type":"post","link":"https:\/\/quicosenza.it\/news\/cosenza-in-piazza-della-vittoria-la-celebrazione-del-4-novembre-video\/","title":{"rendered":"Cosenza, in piazza della Vittoria la celebrazione del 4 Novembre &#8211; VIDEO"},"content":{"rendered":"<p>COSENZA &#8211; In piazza della Vittoria a Cosenza, questa mattina, \u00e8 stata celebrata la Festa dell\u2019Unit\u00e0 Nazionale e Giornata delle Forze Armate e la cerimonia militare si \u00e8 svolta al cospetto delle pi\u00f9 alte <strong>autorit\u00e0 militari e civili cittadine<\/strong> e dei rappresentanti di tutte le <strong>associazioni militari e combattentistiche d\u2019arma<\/strong>.<\/p>\n<p>Presente il Prefetto Vittoria Ciaramella, massima Autorit\u00e0 e rappresentante del Governo, il Questore di Cosenza, Dott. Giuseppe Cannizzaro, il Comandante Provinciale dell\u2019Arma dei Carabinieri, Col. Agatino Saverio Spoto, il Comandante Provinciale della Guardia di Finanza, Col. Giuseppe Dell\u2019Anna, il Cte del 1\u00b0 Reggimento Bersaglieri, Col. Francesco Ferrara nonch\u00e9 tutti rappresentanti provinciali delle altre Forze Armate, dei Vigili del Fuoco, Polizia Penitenziaria e delle polizie locali.<\/p>\n<p><img loading=\"lazy\" decoding=\"async\" class=\" wp-image-215533 aligncenter\" src=\"https:\/\/quicosenza.it\/news\/wp-content\/uploads\/2023\/11\/4-novembre-cosenza-2023-forze-armate-03.jpg\" alt=\"4 novembre cosenza 2023 forze armate 03\" width=\"470\" height=\"291\" title=\"\" srcset=\"https:\/\/quicosenza.it\/news\/wp-content\/uploads\/2023\/11\/4-novembre-cosenza-2023-forze-armate-03.jpg 970w, https:\/\/quicosenza.it\/news\/wp-content\/uploads\/2023\/11\/4-novembre-cosenza-2023-forze-armate-03-300x186.jpg 300w, https:\/\/quicosenza.it\/news\/wp-content\/uploads\/2023\/11\/4-novembre-cosenza-2023-forze-armate-03-768x475.jpg 768w, https:\/\/quicosenza.it\/news\/wp-content\/uploads\/2023\/11\/4-novembre-cosenza-2023-forze-armate-03-150x93.jpg 150w, https:\/\/quicosenza.it\/news\/wp-content\/uploads\/2023\/11\/4-novembre-cosenza-2023-forze-armate-03-696x431.jpg 696w, https:\/\/quicosenza.it\/news\/wp-content\/uploads\/2023\/11\/4-novembre-cosenza-2023-forze-armate-03-679x420.jpg 679w, https:\/\/quicosenza.it\/news\/wp-content\/uploads\/2023\/11\/4-novembre-cosenza-2023-forze-armate-03-356x220.jpg 356w\" sizes=\"auto, (max-width: 470px) 100vw, 470px\" \/><\/p>\n<p>La cerimonia ha <strong>preso il via<\/strong> alle <strong>11.00<\/strong> con lo schieramento di una formazione interforze, in armi, composta da militari di tutte le Forze Armate: Carabinieri, Esercito con i bersaglieri e la Fanfara del 1^ Reggimento, Marina Militare della Capitaneria di Porto di Corigliano-Rossano, Aeronautica Militare del distaccamento di Montescuro, Polizia di Stato, Polizia Penitenziaria, insieme ad unit\u00e0 dei Vigili del Fuoco, della Croce Rossa Italiana e del Corpo Volontarie. Grande partecipazione anche delle varie Associazioni combattentistiche che non hanno fatto mancare la loro presenza ed i loro vessilli.<\/p>\n<p><img loading=\"lazy\" decoding=\"async\" class=\" wp-image-215532 aligncenter\" src=\"https:\/\/quicosenza.it\/news\/wp-content\/uploads\/2023\/11\/4-novembre-cosenza-2023-forze-armate-02.jpg\" alt=\"4 novembre cosenza 2023 forze armate 02\" width=\"491\" height=\"304\" title=\"\" srcset=\"https:\/\/quicosenza.it\/news\/wp-content\/uploads\/2023\/11\/4-novembre-cosenza-2023-forze-armate-02.jpg 970w, https:\/\/quicosenza.it\/news\/wp-content\/uploads\/2023\/11\/4-novembre-cosenza-2023-forze-armate-02-300x186.jpg 300w, https:\/\/quicosenza.it\/news\/wp-content\/uploads\/2023\/11\/4-novembre-cosenza-2023-forze-armate-02-768x475.jpg 768w, https:\/\/quicosenza.it\/news\/wp-content\/uploads\/2023\/11\/4-novembre-cosenza-2023-forze-armate-02-150x93.jpg 150w, https:\/\/quicosenza.it\/news\/wp-content\/uploads\/2023\/11\/4-novembre-cosenza-2023-forze-armate-02-696x431.jpg 696w, https:\/\/quicosenza.it\/news\/wp-content\/uploads\/2023\/11\/4-novembre-cosenza-2023-forze-armate-02-679x420.jpg 679w, https:\/\/quicosenza.it\/news\/wp-content\/uploads\/2023\/11\/4-novembre-cosenza-2023-forze-armate-02-356x220.jpg 356w\" sizes=\"auto, (max-width: 491px) 100vw, 491px\" \/><\/p>\n<p>A seguire sono stati resi gli onori al Prefetto di Cosenza, Vittoria Ciaramella, che accompagnata dal Comandante Provinciale dei Carabinieri, rappresentante delle Forze Armate, ha presenziato alla tradizionale cerimonia dell&#8217;alzabandiera, scandita dalle note dell\u2019\u201dInno di Mameli\u201d, cui ha fatto seguito la lettura solenne dei messaggi del Capo dello Stato, Sergio Mattarella, e del Ministro della Difesa Guido Crosetto.<\/p>\n<p>Infine, prima degli onori finali, il toccante momento della deposizione della corona d\u2019alloro presso il Monumento ai Caduti di Piazza della Vittoria, ove le note della \u201cMarcia del Piave\u201d e del \u201cSilenzio d\u2019Ordinanza\u201d, hanno ricordato le centinaia di migliaia di vittime civili e militari della Grande Guerra, terminata con l\u2019armistizio del 4 novembre 1918. La giornata dell\u2019Unit\u00e0 Nazionale e Giornata delle Forze Armate <strong>si concluder\u00e0 alle ore 16.30 con la cerimonia dell\u2019ammainabandiera.<\/strong><\/p>\n<p><iframe loading=\"lazy\" title=\"Cosenza, in piazza della Vittoria la celebrazione del 4 Novembre\" width=\"740\" height=\"416\" src=\"https:\/\/www.youtube.com\/embed\/q2YH9qnYYLA?feature=oembed\" frameborder=\"0\" allow=\"accelerometer; autoplay; clipboard-write; encrypted-media; gyroscope; picture-in-picture; web-share\" referrerpolicy=\"strict-origin-when-cross-origin\" allowfullscreen><\/iframe><\/p>\n<p><strong>Occhiuto: Forze Armate fondamentali per garantire sicurezza e legalit\u00e0<\/strong><\/p>\n<p>\u201cLe Forze Armate sono un presidio fondamentale per garantire la sicurezza e la legalit\u00e0, e rappresentano un vero e proprio pilastro nel nostro sistema democratico. Oggi &#8211; ha dichiarato Roberto Occhiuto, presidente della Regione Calabria &#8211; 4 novembre, celebriamo la loro Giornata, insieme al Giorno dell\u2019Unit\u00e0 Nazionale. Viva l\u2019Italia e le Forze Armate\u201d.<\/p>\n","protected":false},"excerpt":{"rendered":"<p>COSENZA &#8211; In piazza della Vittoria a Cosenza, questa mattina, \u00e8 stata celebrata la Festa dell\u2019Unit\u00e0 Nazionale e Giornata delle Forze Armate e la cerimonia militare si \u00e8 svolta al cospetto delle pi\u00f9 alte autorit\u00e0 militari e civili cittadine e dei rappresentanti di tutte le associazioni militari e combattentistiche d\u2019arma. Presente il Prefetto Vittoria Ciaramella, [&hellip;]<\/p>\n","protected":false},"author":42,"featured_media":215534,"comment_status":"closed","ping_status":"closed","sticky":false,"template":"","format":"standard","meta":{"_acf_changed":false,"footnotes":"","jetpack_publicize_message":"","jetpack_publicize_feature_enabled":true,"jetpack_social_post_already_shared":false,"jetpack_social_options":{"image_generator_settings":{"template":"highway","default_image_id":0,"font":"","enabled":false},"version":2}},"categories":[563,42],"tags":[19],"class_list":["post-215527","post","type-post","status-publish","format-standard","has-post-thumbnail","hentry","category-area-urbana","category-cosenza","tag-copertina"],"acf":[],"jetpack_publicize_connections":[],"_links":{"self":[{"href":"https:\/\/quicosenza.it\/news\/wp-json\/wp\/v2\/posts\/215527","targetHints":{"allow":["GET"]}}],"collection":[{"href":"https:\/\/quicosenza.it\/news\/wp-json\/wp\/v2\/posts"}],"about":[{"href":"https:\/\/quicosenza.it\/news\/wp-json\/wp\/v2\/types\/post"}],"author":[{"embeddable":true,"href":"https:\/\/quicosenza.it\/news\/wp-json\/wp\/v2\/users\/42"}],"replies":[{"embeddable":true,"href":"https:\/\/quicosenza.it\/news\/wp-json\/wp\/v2\/comments?post=215527"}],"version-history":[{"count":0,"href":"https:\/\/quicosenza.it\/news\/wp-json\/wp\/v2\/posts\/215527\/revisions"}],"wp:featuredmedia":[{"embeddable":true,"href":"https:\/\/quicosenza.it\/news\/wp-json\/wp\/v2\/media\/215534"}],"wp:attachment":[{"href":"https:\/\/quicosenza.it\/news\/wp-json\/wp\/v2\/media?parent=215527"}],"wp:term":[{"taxonomy":"category","embeddable":true,"href":"https:\/\/quicosenza.it\/news\/wp-json\/wp\/v2\/categories?post=215527"},{"taxonomy":"post_tag","embeddable":true,"href":"https:\/\/quicosenza.it\/news\/wp-json\/wp\/v2\/tags?post=215527"}],"curies":[{"name":"wp","href":"https:\/\/api.w.org\/{rel}","templated":true}]}}