{"id":215790,"date":"2023-11-12T13:00:17","date_gmt":"2023-11-12T12:00:17","guid":{"rendered":"https:\/\/www.quicosenza.it\/news\/?p=215790"},"modified":"2023-11-07T13:25:00","modified_gmt":"2023-11-07T12:25:00","slug":"arriva-a-cosenza-lopera-teatrale-il-vajont-di-tutti-riflessi-di-speranza","status":"publish","type":"post","link":"https:\/\/quicosenza.it\/news\/arriva-a-cosenza-lopera-teatrale-il-vajont-di-tutti-riflessi-di-speranza\/","title":{"rendered":"Arriva a Cosenza l&#8217;opera teatrale &#8216;Il Vajont di tutti &#8211; riflessi di speranza&#8217;"},"content":{"rendered":"<p>COSENZA &#8211; Andr\u00e0 in scena il 28 novembre al Teatro Rendano di Cosenza, in prima assoluta e unica tappa in Calabria, \u201cIl Vajont di tutti, riflessi di speranza\u201d, una nuova emozionante pi\u00e8ce teatrale scritta da <strong>Andrea Ortis<\/strong>, regista e interprete che ha firmato altre grandi opere come La Divina Commedia e Van Gogh Caf\u00e8. L\u2019anteprima speciale, in apertura delle iniziative del 60\u00b0 Anniversario dalla tragedia in cui <strong>morirono circa 2.000 persone<\/strong>, \u00e8 andata in scena proprio sulla Diga del Vajont, con la produzione della Mic International Company e il Patrocinio della Fondazione \u201cVajont 9 ottobre 1963\u201d.<\/p>\n<p>La <strong>tappa al Teatro Rendano, con serale alle ore 21:00<\/strong> e <strong>matin\u00e9e<\/strong> scolastico alle ore <strong>10:00<\/strong>, \u00e8 inserita nel progetto \u201cInsieme per\u2026 l\u2019Ambiente\u201d dell\u2019 Associazione Culturale Art-Music&amp;Co, con il Patrocinio di Legambiente Calabria, Comune e Provincia di Cosenza.<\/p>\n<h4><strong>Lo spettacolo<\/strong><\/h4>\n<p>Si snoda su due binari narrativi paralleli: da una parte si assiste ad un dettagliato <strong>racconto<\/strong> dello <strong>scenario<\/strong> storico <strong>dagli anni \u201820 ai \u201860 del Novecento italiano<\/strong>, attraverso un viaggio nelle tradizioni secolari delle comunit\u00e0 montane e nelle radici popolari del nostro Paese; dall\u2019altra, si ripercorrono gli <strong>eventi<\/strong> e le <strong>dinamiche<\/strong> che, nella loro concatenazione minata da <strong>superficialit\u00e0<\/strong> e <strong>negligenze<\/strong>, portarono al <strong>disastro<\/strong>.<\/p>\n<p>Il Vajont di tutti, riflessi di speranza \u00e8 l\u2019Italia che vuole rialzarsi dopo le guerre mondiali; l\u2019Italia che inventa, scopre e sperimenta; il Paese delle grandi opere civili che ricostruisce s\u00e9 stesso e parte del proprio futuro. Lo spettacolo presenta la reale ricostruzione delle fasi processuali relative alla tragedia che colp\u00ec il territorio tra la provincia di Belluno e quella al tempo di Udine (oggi di Pordenone), conosciuta come \u201cil disastro del Vajont\u201d. Era la sera del 9 ottobre 1963 quando la frana che precipit\u00f2 dal pendio del Monte Toc caus\u00f2 la tracimazione del bacino idroelettrico artificiale del torrente Vajont.<\/p>\n<p><img loading=\"lazy\" decoding=\"async\" class=\" wp-image-215794 aligncenter\" src=\"https:\/\/quicosenza.it\/news\/wp-content\/uploads\/2023\/11\/Il-Vajont-di-tutti-3.jpg\" alt=\"Il Vajont di tutti 3\" width=\"547\" height=\"339\" title=\"\" srcset=\"https:\/\/quicosenza.it\/news\/wp-content\/uploads\/2023\/11\/Il-Vajont-di-tutti-3.jpg 970w, https:\/\/quicosenza.it\/news\/wp-content\/uploads\/2023\/11\/Il-Vajont-di-tutti-3-300x186.jpg 300w, https:\/\/quicosenza.it\/news\/wp-content\/uploads\/2023\/11\/Il-Vajont-di-tutti-3-768x475.jpg 768w, https:\/\/quicosenza.it\/news\/wp-content\/uploads\/2023\/11\/Il-Vajont-di-tutti-3-150x93.jpg 150w, https:\/\/quicosenza.it\/news\/wp-content\/uploads\/2023\/11\/Il-Vajont-di-tutti-3-696x431.jpg 696w, https:\/\/quicosenza.it\/news\/wp-content\/uploads\/2023\/11\/Il-Vajont-di-tutti-3-679x420.jpg 679w, https:\/\/quicosenza.it\/news\/wp-content\/uploads\/2023\/11\/Il-Vajont-di-tutti-3-356x220.jpg 356w\" sizes=\"auto, (max-width: 547px) 100vw, 547px\" \/><\/p>\n<p>L\u2019acqua dell\u2019invaso si tramut\u00f2 in un\u2019onda gigantesca che aggred\u00ec i paesi di Erto e Casso, vicini alla riva del lago e poi, scavalcando lo sbarramento della diga, si abbatt\u00e9 su alcuni abitati del fondovalle, tra cui Longarone, provocando oltre 2000 morti. Questa produzione coraggiosa e originale affronta la drammatica attualit\u00e0 del complesso rapporto tra uomo e natura, della crescente richiesta di energia e della necessaria tutela dell\u2019ambiente e degli equilibri millenari di ogni forma di vita. Nel suo incedere, la storia si amplifica in una dimensione generale, diventand<strong>o il racconto di Sarno, della Val di Stava, fino alle tristi vicende di San Giuliano di Puglia, Amatrice, Rigopiano e Genova.<\/strong> Eventi tragici in cui il comune denominatore si rinviene nell\u2019avidit\u00e0 dell\u2019uomo e nella sua scientifica aggressione delle risorse naturali attraverso il disboscamento, la cementificazione selvaggia, l\u2019edificazione abusiva, la speculazione a dispetto della sicurezza.<\/p>\n<p><img loading=\"lazy\" decoding=\"async\" class=\" wp-image-215793 aligncenter\" src=\"https:\/\/quicosenza.it\/news\/wp-content\/uploads\/2023\/11\/Il-Vajont-di-tutti-2.jpg\" alt=\"Il Vajont di tutti 2\" width=\"547\" height=\"339\" title=\"\" srcset=\"https:\/\/quicosenza.it\/news\/wp-content\/uploads\/2023\/11\/Il-Vajont-di-tutti-2.jpg 970w, https:\/\/quicosenza.it\/news\/wp-content\/uploads\/2023\/11\/Il-Vajont-di-tutti-2-300x186.jpg 300w, https:\/\/quicosenza.it\/news\/wp-content\/uploads\/2023\/11\/Il-Vajont-di-tutti-2-768x475.jpg 768w, https:\/\/quicosenza.it\/news\/wp-content\/uploads\/2023\/11\/Il-Vajont-di-tutti-2-150x93.jpg 150w, https:\/\/quicosenza.it\/news\/wp-content\/uploads\/2023\/11\/Il-Vajont-di-tutti-2-696x431.jpg 696w, https:\/\/quicosenza.it\/news\/wp-content\/uploads\/2023\/11\/Il-Vajont-di-tutti-2-679x420.jpg 679w, https:\/\/quicosenza.it\/news\/wp-content\/uploads\/2023\/11\/Il-Vajont-di-tutti-2-356x220.jpg 356w\" sizes=\"auto, (max-width: 547px) 100vw, 547px\" \/><\/p>\n<p>Prestigiosi cast e firme: oltre ad Ortis, in scena Michele Renzullo, Selene Demaria, i performer Elisa Dal Corso, Mariacarmen Iafigliola, Jacopo Siccardi. Le scene sono di Gabriele Moreschi, le luci di Virginio Levrio, video di Mariano Soria, suono di Francesco Iannotta, arrangiamenti musicali di Francesco Cipullo, produzione esecutiva di Lara Carissimi.<\/p>\n<p><strong>Andrea Ortis<\/strong> presenta cos\u00ec la sua Opera: \u201cLa storia del nostro Paese \u00e8 piena di vicende non risolte, nascoste, occultate; storie senza pace e senza giustizia, in cui a rimetterci sono gli ultimi, la gente comune e a soccombere \u00e8 l\u2019uomo con tutta la sua umanit\u00e0. A volte, \u00e8 proprio questo dolore che crea partecipazione e unisce tutti in una comunit\u00e0 allargata, solidale, stimolata da fatti che, pi\u00f9 di altri, ci colpiscono e ci chiamano in causa\u2026 Ognuno ha il suo dolore, ecco perch\u00e9 la storia del Vajont \u00e8 la storia di tutti e, nella storia delle mie origini friulane, \u00e8 il mio!\u201d.<\/p>\n","protected":false},"excerpt":{"rendered":"<p>COSENZA &#8211; Andr\u00e0 in scena il 28 novembre al Teatro Rendano di Cosenza, in prima assoluta e unica tappa in Calabria, \u201cIl Vajont di tutti, riflessi di speranza\u201d, una nuova emozionante pi\u00e8ce teatrale scritta da Andrea Ortis, regista e interprete che ha firmato altre grandi opere come La Divina Commedia e Van Gogh Caf\u00e8. L\u2019anteprima [&hellip;]<\/p>\n","protected":false},"author":42,"featured_media":215795,"comment_status":"closed","ping_status":"closed","sticky":false,"template":"","format":"standard","meta":{"_acf_changed":false,"footnotes":"","jetpack_publicize_message":"","jetpack_publicize_feature_enabled":true,"jetpack_social_post_already_shared":false,"jetpack_social_options":{"image_generator_settings":{"template":"highway","default_image_id":0,"font":"","enabled":false},"version":2}},"categories":[563,42],"tags":[19],"class_list":["post-215790","post","type-post","status-publish","format-standard","has-post-thumbnail","hentry","category-area-urbana","category-cosenza","tag-copertina"],"acf":[],"jetpack_publicize_connections":[],"_links":{"self":[{"href":"https:\/\/quicosenza.it\/news\/wp-json\/wp\/v2\/posts\/215790","targetHints":{"allow":["GET"]}}],"collection":[{"href":"https:\/\/quicosenza.it\/news\/wp-json\/wp\/v2\/posts"}],"about":[{"href":"https:\/\/quicosenza.it\/news\/wp-json\/wp\/v2\/types\/post"}],"author":[{"embeddable":true,"href":"https:\/\/quicosenza.it\/news\/wp-json\/wp\/v2\/users\/42"}],"replies":[{"embeddable":true,"href":"https:\/\/quicosenza.it\/news\/wp-json\/wp\/v2\/comments?post=215790"}],"version-history":[{"count":0,"href":"https:\/\/quicosenza.it\/news\/wp-json\/wp\/v2\/posts\/215790\/revisions"}],"wp:featuredmedia":[{"embeddable":true,"href":"https:\/\/quicosenza.it\/news\/wp-json\/wp\/v2\/media\/215795"}],"wp:attachment":[{"href":"https:\/\/quicosenza.it\/news\/wp-json\/wp\/v2\/media?parent=215790"}],"wp:term":[{"taxonomy":"category","embeddable":true,"href":"https:\/\/quicosenza.it\/news\/wp-json\/wp\/v2\/categories?post=215790"},{"taxonomy":"post_tag","embeddable":true,"href":"https:\/\/quicosenza.it\/news\/wp-json\/wp\/v2\/tags?post=215790"}],"curies":[{"name":"wp","href":"https:\/\/api.w.org\/{rel}","templated":true}]}}