{"id":215905,"date":"2023-11-12T17:00:35","date_gmt":"2023-11-12T16:00:35","guid":{"rendered":"https:\/\/www.quicosenza.it\/news\/?p=215905"},"modified":"2023-11-12T16:29:59","modified_gmt":"2023-11-12T15:29:59","slug":"etichetta-unica-per-lolio-di-calabria-igp-presentazione-alla-cittadella-regionale","status":"publish","type":"post","link":"https:\/\/quicosenza.it\/news\/etichetta-unica-per-lolio-di-calabria-igp-presentazione-alla-cittadella-regionale\/","title":{"rendered":"Etichetta unica per l\u2019olio di Calabria Igp, presentazione alla Cittadella regionale"},"content":{"rendered":"<p>CATANZARO &#8211; Per l\u2019olio calabrese l\u2019appuntamento \u00e8 storico. Il presidente del Consorzio Olio di Calabria Igp, Massimino Magliocchi, presenter\u00e0 marted\u00ec 14 novembre alle 11.30 &#8211; insieme alle massime istituzioni regionali, ai produttori ed alla filiera tutta &#8211; <strong>l\u2019etichetta unica<\/strong> che far\u00e0 capolino in <strong>tutte le bottiglie dell\u2019olio calabro.<\/strong><\/p>\n<p>\u201cUna piccola rivoluzione culturale\u201d, precisa il presidente Magliocchi che sar\u00e0 accompagnato dall\u2019assessore regionale Gianluca Gallo, dal direttore Giacomo Giovinazzo e dal conduttore di Linea Verde Peppone Calabrese, che da tempo si spende al fianco dei produttori.<\/p>\n<p>Sono infatti proprio le piccole attivit\u00e0 che producono olio a trarne maggiori benefici con l\u2019etichetta unica. L\u2019esempio pi\u00f9 emblematico \u00e8 quello dell\u2019aceto balsamico di Modena: si pubblicizza l\u2019intero territorio, insieme al produttore. \u201cIn questo modo riteniamo possa crescere la Calabria intera dell\u2019olio, con un marchio ben identificato ed identitario utile alla causa e capace di scalare le classifiche- e le attenzioni \u2013 dei consumatori finali\u201d, assicura il presidente Massimino Magliocchi.<\/p>\n<p>Massima attenzione dunque all\u2019appuntamento in Regione, a Catanzaro. L\u2019olio di Calabria Igp riparte con uno slancio significativo non comune. Con la ferma volont\u00e0 di valorizzare ancora meglio una delle eccellenze calabresi che non ha da invidiare niente a nessuno. Qualit\u00e0 sempre maggiore e proposte condivisibili con tutti gli \u201cattori\u201d della filiera coinvolti.<\/p>\n<p><img loading=\"lazy\" decoding=\"async\" class=\" wp-image-215909 aligncenter\" src=\"https:\/\/quicosenza.it\/news\/wp-content\/uploads\/2023\/11\/Etichetta-unica-Olio-scaled.jpeg\" alt=\"Etichetta unica Olio\" width=\"456\" height=\"438\" title=\"\" srcset=\"https:\/\/quicosenza.it\/news\/wp-content\/uploads\/2023\/11\/Etichetta-unica-Olio-scaled.jpeg 1000w, https:\/\/quicosenza.it\/news\/wp-content\/uploads\/2023\/11\/Etichetta-unica-Olio-300x288.jpeg 300w, https:\/\/quicosenza.it\/news\/wp-content\/uploads\/2023\/11\/Etichetta-unica-Olio-1024x983.jpeg 1024w, https:\/\/quicosenza.it\/news\/wp-content\/uploads\/2023\/11\/Etichetta-unica-Olio-768x738.jpeg 768w, https:\/\/quicosenza.it\/news\/wp-content\/uploads\/2023\/11\/Etichetta-unica-Olio-150x144.jpeg 150w, https:\/\/quicosenza.it\/news\/wp-content\/uploads\/2023\/11\/Etichetta-unica-Olio-696x668.jpeg 696w, https:\/\/quicosenza.it\/news\/wp-content\/uploads\/2023\/11\/Etichetta-unica-Olio-437x420.jpeg 437w\" sizes=\"auto, (max-width: 456px) 100vw, 456px\" \/><\/p>\n","protected":false},"excerpt":{"rendered":"<p>CATANZARO &#8211; Per l\u2019olio calabrese l\u2019appuntamento \u00e8 storico. Il presidente del Consorzio Olio di Calabria Igp, Massimino Magliocchi, presenter\u00e0 marted\u00ec 14 novembre alle 11.30 &#8211; insieme alle massime istituzioni regionali, ai produttori ed alla filiera tutta &#8211; l\u2019etichetta unica che far\u00e0 capolino in tutte le bottiglie dell\u2019olio calabro. \u201cUna piccola rivoluzione culturale\u201d, precisa il presidente [&hellip;]<\/p>\n","protected":false},"author":42,"featured_media":215910,"comment_status":"closed","ping_status":"closed","sticky":false,"template":"","format":"standard","meta":{"_acf_changed":false,"footnotes":"","jetpack_publicize_message":"","jetpack_publicize_feature_enabled":true,"jetpack_social_post_already_shared":false,"jetpack_social_options":{"image_generator_settings":{"template":"highway","default_image_id":0,"font":"","enabled":false},"version":2}},"categories":[17],"tags":[19],"class_list":["post-215905","post","type-post","status-publish","format-standard","has-post-thumbnail","hentry","category-calabria","tag-copertina"],"acf":[],"jetpack_publicize_connections":[],"_links":{"self":[{"href":"https:\/\/quicosenza.it\/news\/wp-json\/wp\/v2\/posts\/215905","targetHints":{"allow":["GET"]}}],"collection":[{"href":"https:\/\/quicosenza.it\/news\/wp-json\/wp\/v2\/posts"}],"about":[{"href":"https:\/\/quicosenza.it\/news\/wp-json\/wp\/v2\/types\/post"}],"author":[{"embeddable":true,"href":"https:\/\/quicosenza.it\/news\/wp-json\/wp\/v2\/users\/42"}],"replies":[{"embeddable":true,"href":"https:\/\/quicosenza.it\/news\/wp-json\/wp\/v2\/comments?post=215905"}],"version-history":[{"count":0,"href":"https:\/\/quicosenza.it\/news\/wp-json\/wp\/v2\/posts\/215905\/revisions"}],"wp:featuredmedia":[{"embeddable":true,"href":"https:\/\/quicosenza.it\/news\/wp-json\/wp\/v2\/media\/215910"}],"wp:attachment":[{"href":"https:\/\/quicosenza.it\/news\/wp-json\/wp\/v2\/media?parent=215905"}],"wp:term":[{"taxonomy":"category","embeddable":true,"href":"https:\/\/quicosenza.it\/news\/wp-json\/wp\/v2\/categories?post=215905"},{"taxonomy":"post_tag","embeddable":true,"href":"https:\/\/quicosenza.it\/news\/wp-json\/wp\/v2\/tags?post=215905"}],"curies":[{"name":"wp","href":"https:\/\/api.w.org\/{rel}","templated":true}]}}