{"id":216153,"date":"2023-11-10T12:53:14","date_gmt":"2023-11-10T11:53:14","guid":{"rendered":"https:\/\/www.quicosenza.it\/news\/?p=216153"},"modified":"2023-11-10T12:53:14","modified_gmt":"2023-11-10T11:53:14","slug":"vandalizzata-targa-arcobaleno-contro-le-discriminazioni-di-genere-sara-sostituita","status":"publish","type":"post","link":"https:\/\/quicosenza.it\/news\/vandalizzata-targa-arcobaleno-contro-le-discriminazioni-di-genere-sara-sostituita\/","title":{"rendered":"Vandalizzata targa &#8216;arcobaleno&#8217; contro le discriminazioni di genere, sar\u00e0 sostituita"},"content":{"rendered":"<p>PIZZO (VV) &#8211; L&#8217;atto <strong>vandalico<\/strong> \u00e8 stato compiuto la notte scorsa a <strong>Pizzo<\/strong>. Ignoti hanno staccato e scaraventato a terra la <strong>targa commemorativa posta sulla panchina<\/strong> arcobaleno contro le <strong>discriminazioni di genere<\/strong>, situata accanto al <strong>Castello Murat<\/strong>. La panchina, inaugurata un anno fa <strong>dall&#8217;associazione &#8220;Valentia<\/strong>&#8220;, simboleggia la ferma opposizione a ogni forma di violenza e discriminazione basata su sesso, genere, orientamento sessuale e\/o identit\u00e0 di genere.<\/p>\n<p>&#8220;Questo gesto di intolleranza &#8211; afferma il presidente del sodalizio, <strong>Anthony Lo Bianco<\/strong> &#8211; non rappresenta i valori della nostra comunit\u00e0. Insieme, condanniamo fermamente tali atti di vandalismo che non solo danneggiano la propriet\u00e0 pubblica ma anche offendono lo spirito di inclusivit\u00e0 e rispetto che caratterizza la nostra citt\u00e0. In risposta a questo atto deplorevole, siamo determinati a rinnovare il nostro impegno nella lotta contro <strong>l&#8217;omolesbobitransfobia e ogni forma di discriminazione<\/strong>&#8220;.<\/p>\n<p>La targa danneggiata verr\u00e0 sostituita con una nuova, come simbolo della resilienza e della determinazione a non cedere di fronte a tali atti di odio. &#8220;L&#8217;Associazione Valentia, in collaborazione con il Comune di Pizzo &#8211; afferma Lo Bianco &#8211; continuer\u00e0 a lavorare sull&#8217;organizzazione di incontri e progetti di sensibilizzazione per promuovere il rispetto sociale e l&#8217;accettazione di ogni individuo nella nostra comunit\u00e0. La nuova targa sar\u00e0 inaugurata in una cerimonia pubblica alla quale invitiamo l&#8217;intera cittadinanza, dimostrando cos\u00ec che Pizzo \u00e8 una comunit\u00e0 che si unisce contro l&#8217;odio e la discriminazione&#8221;.<\/p>\n","protected":false},"excerpt":{"rendered":"<p>PIZZO (VV) &#8211; L&#8217;atto vandalico \u00e8 stato compiuto la notte scorsa a Pizzo. Ignoti hanno staccato e scaraventato a terra la targa commemorativa posta sulla panchina arcobaleno contro le discriminazioni di genere, situata accanto al Castello Murat. La panchina, inaugurata un anno fa dall&#8217;associazione &#8220;Valentia&#8220;, simboleggia la ferma opposizione a ogni forma di violenza e [&hellip;]<\/p>\n","protected":false},"author":42,"featured_media":216157,"comment_status":"closed","ping_status":"closed","sticky":false,"template":"","format":"standard","meta":{"_acf_changed":false,"footnotes":"","jetpack_publicize_message":"","jetpack_publicize_feature_enabled":true,"jetpack_social_post_already_shared":false,"jetpack_social_options":{"image_generator_settings":{"template":"highway","default_image_id":0,"font":"","enabled":false},"version":2}},"categories":[17],"tags":[],"class_list":["post-216153","post","type-post","status-publish","format-standard","has-post-thumbnail","hentry","category-calabria"],"acf":[],"jetpack_publicize_connections":[],"_links":{"self":[{"href":"https:\/\/quicosenza.it\/news\/wp-json\/wp\/v2\/posts\/216153","targetHints":{"allow":["GET"]}}],"collection":[{"href":"https:\/\/quicosenza.it\/news\/wp-json\/wp\/v2\/posts"}],"about":[{"href":"https:\/\/quicosenza.it\/news\/wp-json\/wp\/v2\/types\/post"}],"author":[{"embeddable":true,"href":"https:\/\/quicosenza.it\/news\/wp-json\/wp\/v2\/users\/42"}],"replies":[{"embeddable":true,"href":"https:\/\/quicosenza.it\/news\/wp-json\/wp\/v2\/comments?post=216153"}],"version-history":[{"count":0,"href":"https:\/\/quicosenza.it\/news\/wp-json\/wp\/v2\/posts\/216153\/revisions"}],"wp:featuredmedia":[{"embeddable":true,"href":"https:\/\/quicosenza.it\/news\/wp-json\/wp\/v2\/media\/216157"}],"wp:attachment":[{"href":"https:\/\/quicosenza.it\/news\/wp-json\/wp\/v2\/media?parent=216153"}],"wp:term":[{"taxonomy":"category","embeddable":true,"href":"https:\/\/quicosenza.it\/news\/wp-json\/wp\/v2\/categories?post=216153"},{"taxonomy":"post_tag","embeddable":true,"href":"https:\/\/quicosenza.it\/news\/wp-json\/wp\/v2\/tags?post=216153"}],"curies":[{"name":"wp","href":"https:\/\/api.w.org\/{rel}","templated":true}]}}