{"id":216434,"date":"2023-11-13T19:00:42","date_gmt":"2023-11-13T18:00:42","guid":{"rendered":"https:\/\/www.quicosenza.it\/news\/?p=216434"},"modified":"2023-11-13T18:01:53","modified_gmt":"2023-11-13T17:01:53","slug":"occhiuto-e-calabrese-insediano-tavolo-per-il-lavoro-e-cio-che-manca-in-calabria","status":"publish","type":"post","link":"https:\/\/quicosenza.it\/news\/occhiuto-e-calabrese-insediano-tavolo-per-il-lavoro-e-cio-che-manca-in-calabria\/","title":{"rendered":"Occhiuto e Calabrese insediano tavolo per il lavoro:\u00ab \u00e8 ci\u00f2 che manca in Calabria\u00bb"},"content":{"rendered":"<p>CATANZARO &#8211; Il presidente della Regione Calabria, Roberto Occhiuto, e l\u2019assessore regionale alle Politiche del lavoro e formazione professionale, Giovanni Calabrese, hanno insediato oggi, presso la Cittadella regionale,<strong> il \u201cTavolo regionale per i servizi e le politiche del lavoro\u201d,<\/strong> previsto dalla Legge regionale numero 25 del 28 giugno 2023, in materia di \u201cNorme per il mercato del lavoro, le politiche attive e l\u2019apprendimento permanente\u201d.<\/p>\n<p>Il Tavolo <strong>\u00e8 lo strumento di intervento per promuovere e migliorare l\u2019occupazione con un confronto permanente tra le parti sociali nella proposta, verifica e valutazione delle linee<\/strong> programmatiche dei servizi e delle politiche del lavoro, con l\u2019obiettivo di non creare per il futuro ambigue forme di precariato.<\/p>\n<p>\u201cVogliamo che si renda strutturale il lavoro del Tavolo &#8211; ha affermato Occhiuto -, che vede coinvolti tutti quelli che devono essere protagonisti, insieme alle istituzioni, per creare le condizioni affinch\u00e9<strong> il lavoro possa essere garantito in Calabria secondo le regole previste. Noi dobbiamo creare lavoro, ma dobbiamo creare anche le condizioni affinch\u00e9 si possa operare con tutti i requisiti di sicurezza e di retribuzione garantita che appartengono a un Paese civile come l\u2019Italia. Ci sono molte ricette da seguire<\/strong>: stiamo cercando di attrarre investitori nazionali e internazionali, anche attorno agli asset della logistica, come il porto di Gioia Tauro. Alcuni hanno investito perch\u00e8 hanno sperimentato una Calabria che, rispetto al passato, ha oggi degli ecosistemi che permettono di insediare nuove attivit\u00e0 economiche. Mi riferisco, per esempio, agli investimenti nella direzione delle nuove tecnologie, a quello che ha fatto Atos; mi riferisco a quello che sta facendo il Nuovo Pignone, sia a Vibo che a Corigliano.<\/p>\n<p>\u00c8 ancora poco, c&#8217;\u00e8 molto, molto da fare e, soprattutto, c&#8217;\u00e8 da affrontare il tema gigantesco che si \u00e8 prodotto a causa della cancellazione del reddito di cittadinanza. <strong>Sono molto contento che la Giunta abbia condiviso la proposta mia e dell&#8217;assessore Calabrese per generare in Calabria l&#8217;interesse di imprese nazionali e multinazionali, impegnate nelle attivit\u00e0 di infrastrutturazione, affinch\u00e9 si possano formare i giovani on the job, i disoccupati ex percettori di reddito, e si possano poi assumere.<\/strong> L\u2019altro pilastro su cui si fonda il Tavolo \u00e8 quello del lavoro in smart working o in co-working. <strong>Dal lavoro bisogna ripartire, perch\u00e9 il lavoro \u00e8 quello che manca in Calabria ed \u00e8 anche la ragione di progressivo e costante impoverimento della nostra terra\u201d, <\/strong>ha sottolineato il presidente Occhiuto.<\/p>\n<p>L\u2019assessore calabrese ha rimarcato che il governo regionale ha approvato in brevissimo tempo la norma di riferimento che mancava in questa regione da oltre 20 anni.<\/p>\n<p>\u201cMi riferisco &#8211; ha specificato &#8211; alla legge regionale numero 25 del 28 giugno 2023 in materia di \u2018Norme per il mercato del lavoro, le politiche attive e l\u2019apprendimento permanente\u2019. Al centro di questa norma c\u2019\u00e8 appunto il Tavolo per il lavoro, istituito con delibera di Giunta numero 470 del 13 settembre 2023, formato da Regione, Inps, Inail, Camere di commercio, Anpal, Consulenti del lavoro, Ufficio scolastico regionale, Ufficio della consigliera di parit\u00e0 e aperto al confronto sinergico con tutte le organizzazioni sindacali e le diverse categorie datoriali. <strong>L\u2019obiettivo del Tavolo \u00e8 quello di costruire insieme il futuro della Calabria e dei calabresi, per dare, finalmente, risposte concrete ad una crisi occupazionale senza precedenti e per creare le condizioni utili per far rimanere in Calabria i nostri giovani.<\/strong> Tutto ci\u00f2 attraverso misure mirate che sottoporremo al Tavolo e, soprattutto, attraverso l\u2019utilizzo oculato delle ingenti risorse storicizzate, sia regionali che nazionali, che abbiamo a disposizione. In tal senso, sono molti i progetti gi\u00e0 in cantiere. Con \u2018Kaire Calabria\u2019, progetto incardinato in un avviso pubblico, abbiamo gi\u00e0 avviato politiche positive per dare un sostegno alle imprese turistiche attraverso la concessione di incentivi all\u2019occupazione dei lavoratori disoccupati svantaggiati, molto svantaggiati e con disabilit\u00e0. Stiamo lavorando anche sul programma Gol (Garanzia occupabilit\u00e0 lavoratori), macro progetto nazionale sul reinserimento lavorativo e la formazione riservato ai disoccupati.<\/p>\n<p>In questi mesi abbiamo potenziato, inoltre, i Centri per l\u2019impiego con 500 nuove assunzioni. Tra gli ultimi provvedimenti messi in campo, molto importante e innovativo ritengo sia anche il progetto sperimentale, approvato dalla <strong>Giunta regionale, per la concessione di incentivi all\u2019assunzione alle imprese che utilizzeranno anche le nuove modalit\u00e0 di lavoro appartenenti alla categoria del flexible working come il remote working, consentendo al lavoratore<\/strong>, non pi\u00f9 disoccupato, di rimanere nel territorio calabrese e contribuire allo sviluppo economico della regione. Pertanto, attraverso il percorso intrapreso con questi interventi programmati dalla Regione Calabria e con il nuovo \u2018Tavolo regionale per i servizi e le politiche del lavoro\u2019 insediato oggi, vogliamo creare le condizioni per ridurre e svuotare tutti i bacini di precariato e creare lavoro vero per ridare dignit\u00e0 lavorativa ai calabresi. <strong>Un Piano straordinario del lavoro in Calabria da redigere con il supporto di tutti gli attori coinvolti. Il lavoro \u00e8 una delle priorit\u00e0 dell\u2019agenda politica del governo della Regione Calabria e del presidente Occhiuto\u201d,<\/strong> ha concluso l\u2019assessore Calabrese.<\/p>\n<p>Il \u201cTavolo regionale per i servizi e le politiche del lavoro\u201d \u00e8 composto da: Giuseppe Greco, direttore generale Inps Calabria; Fabio Lo Faro, direttore generale Inail Calabria; Michele Raccuglia, Anpal servizi Calabria; Pietro Falbo, presidente Camera di commercio Cz-Kr-Vv; Klaus Algieri, presidente Camera di commercio Cosenza; Antonino Tramontana, presidente Camera di commercio Reggio Calabria; Antonella Iunti, direttrice generale dell\u2019Ufficio scolastico regionale; Flaviana Tuzzo, presidente Consulta dei Consigli provinciali dei consulenti del lavoro Calabria; Antonietta Stumpo, consigliera di Parit\u00e0 Regione Calabria.<\/p>\n","protected":false},"excerpt":{"rendered":"<p>CATANZARO &#8211; Il presidente della Regione Calabria, Roberto Occhiuto, e l\u2019assessore regionale alle Politiche del lavoro e formazione professionale, Giovanni Calabrese, hanno insediato oggi, presso la Cittadella regionale, il \u201cTavolo regionale per i servizi e le politiche del lavoro\u201d, previsto dalla Legge regionale numero 25 del 28 giugno 2023, in materia di \u201cNorme per il [&hellip;]<\/p>\n","protected":false},"author":61,"featured_media":216436,"comment_status":"closed","ping_status":"closed","sticky":false,"template":"","format":"standard","meta":{"_acf_changed":false,"footnotes":"","jetpack_publicize_message":"","jetpack_publicize_feature_enabled":true,"jetpack_social_post_already_shared":false,"jetpack_social_options":{"image_generator_settings":{"template":"highway","default_image_id":0,"font":"","enabled":false},"version":2}},"categories":[17],"tags":[19],"class_list":["post-216434","post","type-post","status-publish","format-standard","has-post-thumbnail","hentry","category-calabria","tag-copertina"],"acf":[],"jetpack_publicize_connections":[],"_links":{"self":[{"href":"https:\/\/quicosenza.it\/news\/wp-json\/wp\/v2\/posts\/216434","targetHints":{"allow":["GET"]}}],"collection":[{"href":"https:\/\/quicosenza.it\/news\/wp-json\/wp\/v2\/posts"}],"about":[{"href":"https:\/\/quicosenza.it\/news\/wp-json\/wp\/v2\/types\/post"}],"author":[{"embeddable":true,"href":"https:\/\/quicosenza.it\/news\/wp-json\/wp\/v2\/users\/61"}],"replies":[{"embeddable":true,"href":"https:\/\/quicosenza.it\/news\/wp-json\/wp\/v2\/comments?post=216434"}],"version-history":[{"count":0,"href":"https:\/\/quicosenza.it\/news\/wp-json\/wp\/v2\/posts\/216434\/revisions"}],"wp:featuredmedia":[{"embeddable":true,"href":"https:\/\/quicosenza.it\/news\/wp-json\/wp\/v2\/media\/216436"}],"wp:attachment":[{"href":"https:\/\/quicosenza.it\/news\/wp-json\/wp\/v2\/media?parent=216434"}],"wp:term":[{"taxonomy":"category","embeddable":true,"href":"https:\/\/quicosenza.it\/news\/wp-json\/wp\/v2\/categories?post=216434"},{"taxonomy":"post_tag","embeddable":true,"href":"https:\/\/quicosenza.it\/news\/wp-json\/wp\/v2\/tags?post=216434"}],"curies":[{"name":"wp","href":"https:\/\/api.w.org\/{rel}","templated":true}]}}