{"id":216650,"date":"2023-11-15T17:00:54","date_gmt":"2023-11-15T16:00:54","guid":{"rendered":"https:\/\/www.quicosenza.it\/news\/?p=216650"},"modified":"2023-11-15T16:40:21","modified_gmt":"2023-11-15T15:40:21","slug":"angela-piattelli-nuovo-presidente-nazionale-della-societa-italiana-di-psico-oncologia","status":"publish","type":"post","link":"https:\/\/quicosenza.it\/news\/angela-piattelli-nuovo-presidente-nazionale-della-societa-italiana-di-psico-oncologia\/","title":{"rendered":"Angela Piattelli, una cosentina alla guida della Societ\u00e0 Italiana di Psico-Oncologia"},"content":{"rendered":"<p>COSENZA &#8211; La dottoressa <strong>Angela Piattelli, dirigente Psicologo e Psico-Oncologo presso l\u2019UOC di Oncologia dell\u2019Azienda Ospedaliera di Cosenza , \u00e8 il nuovo presidente nazionale della Societ\u00e0 Italiana di Psico-Oncologia<\/strong> (SIPO) per il quadriennio 2023\/2027. L\u2019elezione della dr.ssa Piattelli \u00e8 avvenuta a conclusione del XVII Consesso Nazionale SIPO che si \u00e8 svolto a Brescia presso il teatro Sa Barnaba dal 9 al 12 novembre scorso.<\/p>\n<p>La dr.ssa Piattelli ha avuto un ampio consenso da parte dei soci di SIPO nazionale (180 voti su 250 votanti). Nel ringraziare i soci tutti, la nuova presidente ha dichiarato: \u201c<strong>\u00e8 un privilegio per me continuare, nella veste di presidente, \u00a0a profondere impegno ed abnegazione in SIPO,<\/strong> insieme al nuovo Consiglio Direttivo, cos\u00ec composto: Andrea Bovero, Rosangela Caruso, Anna Costantini, Giuseppe Deledda, Rossella De Luca, Gabriella De Benedetta, Florence Didier, Ester Livia Di Caprio, Gabriella Farina, Paolo Gritti, Dorella Scarponi, Eugenia Trotti. I nuovi consiglieri, ha aggiunto Piattelli, provenienti da prestigiosi istituti italiani di Oncologia ed Oncoematologia, sono certa che daranno il loro massimo contributo alla crescita ulteriore della Psico-Oncologia italiana.<\/p>\n<p>Prosegue la dr.ssa Piattelli: <strong>Insieme al nuovo Consiglio Direttivo vorr\u00f2 assicurare, a tutti i soci, un clima partecipativo ed inclusivo, volto a garantire nuove sinergie e rinnovato entusiasmo<\/strong>. Un interesse particolare verr\u00e0 rivolto al mondo della digitalizzazione, allo scopo di facilitare la comunicazione tra i soci, i coordinamenti regionali ed il Consiglio Direttivo della nostra amata societ\u00e0 scientifica. Come esplicitato nel programma di presidenza, organizzeremo a Cosenza, nel prestigioso campus dell\u2019Universit\u00e0 della Calabria, il congresso intermedio di SIPO del 2025, anno in cui la nostra SIPO festegger\u00e0 i suoi 30 anni di attivit\u00e0.<\/p>\n<p><strong>Ancora pi\u00f9 incisivo sar\u00e0, conclude la nuova presidente, in questo mandato, il mio personale impegno di interlocuzione con le Istituzioni a favore dell\u2019approvazione della legge nazionale sulla Psico-Oncologia e l\u2019istituzione sia del profilo professionale dello Psico-Oncologo<\/strong> che della scuola di specializzazione, allo scopo di migliorare la qualit\u00e0 della cura psico-oncologica in Italia.<\/p>\n","protected":false},"excerpt":{"rendered":"<p>COSENZA &#8211; La dottoressa Angela Piattelli, dirigente Psicologo e Psico-Oncologo presso l\u2019UOC di Oncologia dell\u2019Azienda Ospedaliera di Cosenza , \u00e8 il nuovo presidente nazionale della Societ\u00e0 Italiana di Psico-Oncologia (SIPO) per il quadriennio 2023\/2027. L\u2019elezione della dr.ssa Piattelli \u00e8 avvenuta a conclusione del XVII Consesso Nazionale SIPO che si \u00e8 svolto a Brescia presso il [&hellip;]<\/p>\n","protected":false},"author":61,"featured_media":216653,"comment_status":"closed","ping_status":"closed","sticky":false,"template":"","format":"standard","meta":{"_acf_changed":false,"footnotes":"","jetpack_publicize_message":"","jetpack_publicize_feature_enabled":true,"jetpack_social_post_already_shared":false,"jetpack_social_options":{"image_generator_settings":{"template":"highway","default_image_id":0,"font":"","enabled":false},"version":2}},"categories":[563,42],"tags":[19],"class_list":["post-216650","post","type-post","status-publish","format-standard","has-post-thumbnail","hentry","category-area-urbana","category-cosenza","tag-copertina"],"acf":[],"jetpack_publicize_connections":[],"_links":{"self":[{"href":"https:\/\/quicosenza.it\/news\/wp-json\/wp\/v2\/posts\/216650","targetHints":{"allow":["GET"]}}],"collection":[{"href":"https:\/\/quicosenza.it\/news\/wp-json\/wp\/v2\/posts"}],"about":[{"href":"https:\/\/quicosenza.it\/news\/wp-json\/wp\/v2\/types\/post"}],"author":[{"embeddable":true,"href":"https:\/\/quicosenza.it\/news\/wp-json\/wp\/v2\/users\/61"}],"replies":[{"embeddable":true,"href":"https:\/\/quicosenza.it\/news\/wp-json\/wp\/v2\/comments?post=216650"}],"version-history":[{"count":0,"href":"https:\/\/quicosenza.it\/news\/wp-json\/wp\/v2\/posts\/216650\/revisions"}],"wp:featuredmedia":[{"embeddable":true,"href":"https:\/\/quicosenza.it\/news\/wp-json\/wp\/v2\/media\/216653"}],"wp:attachment":[{"href":"https:\/\/quicosenza.it\/news\/wp-json\/wp\/v2\/media?parent=216650"}],"wp:term":[{"taxonomy":"category","embeddable":true,"href":"https:\/\/quicosenza.it\/news\/wp-json\/wp\/v2\/categories?post=216650"},{"taxonomy":"post_tag","embeddable":true,"href":"https:\/\/quicosenza.it\/news\/wp-json\/wp\/v2\/tags?post=216650"}],"curies":[{"name":"wp","href":"https:\/\/api.w.org\/{rel}","templated":true}]}}