{"id":217231,"date":"2023-11-21T14:30:23","date_gmt":"2023-11-21T13:30:23","guid":{"rendered":"https:\/\/www.quicosenza.it\/news\/?p=217231"},"modified":"2023-11-21T14:31:08","modified_gmt":"2023-11-21T13:31:08","slug":"assaggio-dinverno-nel-week-end-piomba-il-freddo-artico-domani-vortice-ciclonico-e-forte-maltempo","status":"publish","type":"post","link":"https:\/\/quicosenza.it\/news\/assaggio-dinverno-nel-week-end-piomba-il-freddo-artico-domani-vortice-ciclonico-e-forte-maltempo\/","title":{"rendered":"Assaggio d&#8217;inverno: nel week-end piomba il freddo artico. Domani vortice ciclonico e maltempo"},"content":{"rendered":"<p>COSENZA &#8211; Da un<strong> autunno balbettante<\/strong> e dal sapore a tratti quasi primaverile, ad un vero e proprio <strong>assaggio d&#8217;inverno <\/strong>con annesse nevicate e freddo pungente. Tutto nel giro di pochi giorni. Prende sempre pi\u00f9 quota la possibilit\u00e0 dell&#8217;arrivo della prima ondata di freddo anche sulla Calabria, con le <strong>ultime ore miti e di sole<\/strong>. La nostra regione, infatti, dovr\u00e0 fare i conti prima con <strong>due giorni di intenso maltempo, <\/strong>a causa di un insidioso vortice ciclonico in formazione sul Tirreno che porter\u00e0 piogge e rovesci anche intensi, poi con <strong>la prima vera ondata di freddo artico<\/strong> prevista nel fine settimana, dove assisteremo ad <strong>un vero e proprio tracollo delle temperature con annesse possibili nevicate in montagna e anche a quote medie<\/strong>.<\/p>\n<p><img loading=\"lazy\" decoding=\"async\" class=\"wp-image-217238 aligncenter\" src=\"https:\/\/quicosenza.it\/news\/wp-content\/uploads\/2023\/11\/Mappa-piogge-Sud-italia.jpg\" alt=\"Mappa piogge Sud italia\" width=\"558\" height=\"379\" title=\"\" srcset=\"https:\/\/quicosenza.it\/news\/wp-content\/uploads\/2023\/11\/Mappa-piogge-Sud-italia.jpg 970w, https:\/\/quicosenza.it\/news\/wp-content\/uploads\/2023\/11\/Mappa-piogge-Sud-italia-300x204.jpg 300w, https:\/\/quicosenza.it\/news\/wp-content\/uploads\/2023\/11\/Mappa-piogge-Sud-italia-768x522.jpg 768w, https:\/\/quicosenza.it\/news\/wp-content\/uploads\/2023\/11\/Mappa-piogge-Sud-italia-150x102.jpg 150w, https:\/\/quicosenza.it\/news\/wp-content\/uploads\/2023\/11\/Mappa-piogge-Sud-italia-696x473.jpg 696w, https:\/\/quicosenza.it\/news\/wp-content\/uploads\/2023\/11\/Mappa-piogge-Sud-italia-618x420.jpg 618w\" sizes=\"auto, (max-width: 558px) 100vw, 558px\" \/><\/p>\n<h3>Vortice ciclonico sul Tirreno: atteso forte maltempo<\/h3>\n<p>Come avevamo <a href=\"https:\/\/quicosenza.it\/news\/calabria\/prime-avvisaglie-dinverno-possibile-ondata-di-freddo-e-neve-nella-terza-decade-di-novembre\" target=\"_blank\" rel=\"noopener\">scritto<\/a> la scorsa settimana, a partire da domani la situazione \u00e8 destinata a cambier\u00e0 radicalmente a causa di un <strong>vortice ciclonico<\/strong>, alimentato da<strong> aria pi\u00f9 fredda di origine Nord atlantica<\/strong>, che si former\u00e0 sul <strong>mar Tirreno e scivoler\u00e0 verso Sud<\/strong>. Vortice ciclonico che porter\u00e0 con s\u00e9 <strong>piogge diffuse, temporali e intensi rovesci<\/strong> su buona parte delle regioni meridionali.<strong> Non si escludono anche locali nubifragi<\/strong>. Questa ondata di maltempo porter\u00e0 a un primo abbassamento delle temperature.<\/p>\n<h3>Ondata di freddo artico anche sul Mediterraneo<\/h3>\n<p><strong>Venerd\u00ec sar\u00e0 una giornata transitoria<\/strong> visto che a partire da sabato<strong> una massa di aria fredda di origine artica<\/strong> dalla Scandinavia muover\u00e0 verso latitudini pi\u00f9 basse, scivolando sul bordo orientale dell&#8217;anticiclone. Le nazioni dell&#8217;Est Europa saranno le pi\u00f9 colpite con nevicate anche in pianura. Il freddo poi<strong> si estender\u00e0 fino al Mediterraneo e all&#8217;Italia<\/strong>. Un vero e proprio<strong> assaggio d&#8217;inverno<\/strong> con temperature in forte calo, venti freddi orientali e<strong> le prime nevicate a quote medio-basse<\/strong>. Le regioni maggiormente interessate\u00a0 saranno quelle <strong>adriatiche e del Sud<\/strong> e che, oltre al calo termico e alle possibili nevicate, dovranno fare i conti anche con <strong>intense raffiche di vento gelido da est<\/strong>.<\/p>\n<p><img loading=\"lazy\" decoding=\"async\" class=\"wp-image-217237 aligncenter\" src=\"https:\/\/quicosenza.it\/news\/wp-content\/uploads\/2023\/11\/Freddo-italia-saccatura.jpg\" alt=\"Freddo italia saccatura artica\" width=\"550\" height=\"362\" title=\"\" srcset=\"https:\/\/quicosenza.it\/news\/wp-content\/uploads\/2023\/11\/Freddo-italia-saccatura.jpg 970w, https:\/\/quicosenza.it\/news\/wp-content\/uploads\/2023\/11\/Freddo-italia-saccatura-300x197.jpg 300w, https:\/\/quicosenza.it\/news\/wp-content\/uploads\/2023\/11\/Freddo-italia-saccatura-768x505.jpg 768w, https:\/\/quicosenza.it\/news\/wp-content\/uploads\/2023\/11\/Freddo-italia-saccatura-150x99.jpg 150w, https:\/\/quicosenza.it\/news\/wp-content\/uploads\/2023\/11\/Freddo-italia-saccatura-696x458.jpg 696w, https:\/\/quicosenza.it\/news\/wp-content\/uploads\/2023\/11\/Freddo-italia-saccatura-639x420.jpg 639w, https:\/\/quicosenza.it\/news\/wp-content\/uploads\/2023\/11\/Freddo-italia-saccatura-741x486.jpg 741w\" sizes=\"auto, (max-width: 550px) 100vw, 550px\" \/><\/p>\n","protected":false},"excerpt":{"rendered":"<p>COSENZA &#8211; Da un autunno balbettante e dal sapore a tratti quasi primaverile, ad un vero e proprio assaggio d&#8217;inverno con annesse nevicate e freddo pungente. Tutto nel giro di pochi giorni. Prende sempre pi\u00f9 quota la possibilit\u00e0 dell&#8217;arrivo della prima ondata di freddo anche sulla Calabria, con le ultime ore miti e di sole. [&hellip;]<\/p>\n","protected":false},"author":55,"featured_media":217236,"comment_status":"closed","ping_status":"closed","sticky":false,"template":"","format":"standard","meta":{"_acf_changed":false,"footnotes":"","jetpack_publicize_message":"","jetpack_publicize_feature_enabled":true,"jetpack_social_post_already_shared":false,"jetpack_social_options":{"image_generator_settings":{"template":"highway","default_image_id":0,"font":"","enabled":false},"version":2}},"categories":[17],"tags":[19],"class_list":["post-217231","post","type-post","status-publish","format-standard","has-post-thumbnail","hentry","category-calabria","tag-copertina"],"acf":[],"jetpack_publicize_connections":[],"_links":{"self":[{"href":"https:\/\/quicosenza.it\/news\/wp-json\/wp\/v2\/posts\/217231","targetHints":{"allow":["GET"]}}],"collection":[{"href":"https:\/\/quicosenza.it\/news\/wp-json\/wp\/v2\/posts"}],"about":[{"href":"https:\/\/quicosenza.it\/news\/wp-json\/wp\/v2\/types\/post"}],"author":[{"embeddable":true,"href":"https:\/\/quicosenza.it\/news\/wp-json\/wp\/v2\/users\/55"}],"replies":[{"embeddable":true,"href":"https:\/\/quicosenza.it\/news\/wp-json\/wp\/v2\/comments?post=217231"}],"version-history":[{"count":0,"href":"https:\/\/quicosenza.it\/news\/wp-json\/wp\/v2\/posts\/217231\/revisions"}],"wp:featuredmedia":[{"embeddable":true,"href":"https:\/\/quicosenza.it\/news\/wp-json\/wp\/v2\/media\/217236"}],"wp:attachment":[{"href":"https:\/\/quicosenza.it\/news\/wp-json\/wp\/v2\/media?parent=217231"}],"wp:term":[{"taxonomy":"category","embeddable":true,"href":"https:\/\/quicosenza.it\/news\/wp-json\/wp\/v2\/categories?post=217231"},{"taxonomy":"post_tag","embeddable":true,"href":"https:\/\/quicosenza.it\/news\/wp-json\/wp\/v2\/tags?post=217231"}],"curies":[{"name":"wp","href":"https:\/\/api.w.org\/{rel}","templated":true}]}}