{"id":217246,"date":"2023-11-21T18:30:51","date_gmt":"2023-11-21T17:30:51","guid":{"rendered":"https:\/\/www.quicosenza.it\/news\/?p=217246"},"modified":"2023-11-21T17:55:39","modified_gmt":"2023-11-21T16:55:39","slug":"lo-storico-cosentino-luca-addante-approda-a-parigi-in-uno-dei-centri-universitari-piu-prestigiosi-deuropa","status":"publish","type":"post","link":"https:\/\/quicosenza.it\/news\/lo-storico-cosentino-luca-addante-approda-a-parigi-in-uno-dei-centri-universitari-piu-prestigiosi-deuropa\/","title":{"rendered":"Lo storico cosentino Luca Addante approda a Parigi in uno dei centri universitari pi\u00f9 prestigiosi d\u2019Europa"},"content":{"rendered":"<p>COSENZA &#8211; \u201cDesidero esprimere le mie pi\u00f9 vive congratulazioni al<strong> prof. Luca Addante<\/strong> per il <strong>prestigioso incarico ricevuto a Parigi,<\/strong> dove \u00e8 stato indicato come <strong>membro associato dell\u2019Institut d\u2019histoire moderne et contemporaine<\/strong> di cui fanno parte <strong>la Sorbona e l\u2019\u00c9cole normale sup\u00e8rieure di Parigi<\/strong>\u201d. Lo ha detto il Sindaco Franz Caruso dopo aver appreso la notizia dell&#8217;importante nomina conferita all&#8217;accademico cosentino.<\/p>\n<p>\u201cSiamo particolarmente orgogliosi \u2013 ha sottolineato il Sindaco Franz Caruso &#8211; dell&#8217;importante traguardo raggiunto dallo<strong> storico cosentino che non ha mai reciso il legame con la citt\u00e0 d&#8217;origine<\/strong> nonostante la sua attivit\u00e0 di saggista, ricercatore e di professore universitario lo abbia condotto in diversi contesti accademici di altre citt\u00e0 italiane e spesso anche all&#8217;estero.<strong> Seguace degli insegnamenti di Augusto Placanica ed allievo di Rosario Villari, Luca Addante \u2013<\/strong> ha proseguito Franz Caruso \u2013 r<strong>accoglie ora i meritati frutti di un impegno intellettuale<\/strong> che lo ha portato, dopo studi intensi e portati avanti con grande passione, <strong>all&#8217;Universit\u00e0 di Torino come professore di Storia Moderna ed ora a Parigi, citt\u00e0 nella quale ha a lungo studiato e condotto le sue ricerche,<\/strong> appassionandosi, con grande dedizione, all&#8217;approfondimento di figure storiche, dei movimenti controrivoluzionari, della dimensione politica della storia, della nascita dei diritti di libert\u00e0.<strong> Cosenza ricorda ancora oggi l&#8217;impegno che Luca Addante profuse pi\u00f9 di venti anni fa per far tornare nel cimitero della citt\u00e0 le spoglie di Francesco Saverio Salfi<\/strong>, illuminista, giacobino, patriota, tra i propugnatori dell&#8217;Unit\u00e0 d&#8217;Italia e letterato del primo Risorgimento, che erano custodite in un ossario del cimitero parigino di P\u00e8re-Lachaise, ma senza avere una degna sepoltura\u201d.<\/p>\n<p>Parole di apprezzamento per l&#8217;importante nomina del prof. Addante sono state espresse, oltre che dal Sindaco Franz Caruso, anche dalla <strong>delegata alla Cultura Antonietta Cozza<\/strong> che, nel congratularsi con Addante, ha preannunciato di voler inserire nella rassegna \u201cLibrinComune\u201d uno dei suoi ultimi libri sul filosofo Tommaso Campanella, edito da Laterza, dal titolo \u201cTommaso Campanella. Il filosofo immaginato, interpretato, falsato\u201d, tradotto anche in francese e che \u00e8 stato adottato dal mondo accademico.<\/p>\n","protected":false},"excerpt":{"rendered":"<p>COSENZA &#8211; \u201cDesidero esprimere le mie pi\u00f9 vive congratulazioni al prof. Luca Addante per il prestigioso incarico ricevuto a Parigi, dove \u00e8 stato indicato come membro associato dell\u2019Institut d\u2019histoire moderne et contemporaine di cui fanno parte la Sorbona e l\u2019\u00c9cole normale sup\u00e8rieure di Parigi\u201d. Lo ha detto il Sindaco Franz Caruso dopo aver appreso la [&hellip;]<\/p>\n","protected":false},"author":55,"featured_media":217252,"comment_status":"closed","ping_status":"closed","sticky":false,"template":"","format":"standard","meta":{"_acf_changed":false,"footnotes":"","jetpack_publicize_message":"","jetpack_publicize_feature_enabled":true,"jetpack_social_post_already_shared":false,"jetpack_social_options":{"image_generator_settings":{"template":"highway","default_image_id":0,"font":"","enabled":false},"version":2}},"categories":[563],"tags":[19],"class_list":["post-217246","post","type-post","status-publish","format-standard","has-post-thumbnail","hentry","category-area-urbana","tag-copertina"],"acf":[],"jetpack_publicize_connections":[],"_links":{"self":[{"href":"https:\/\/quicosenza.it\/news\/wp-json\/wp\/v2\/posts\/217246","targetHints":{"allow":["GET"]}}],"collection":[{"href":"https:\/\/quicosenza.it\/news\/wp-json\/wp\/v2\/posts"}],"about":[{"href":"https:\/\/quicosenza.it\/news\/wp-json\/wp\/v2\/types\/post"}],"author":[{"embeddable":true,"href":"https:\/\/quicosenza.it\/news\/wp-json\/wp\/v2\/users\/55"}],"replies":[{"embeddable":true,"href":"https:\/\/quicosenza.it\/news\/wp-json\/wp\/v2\/comments?post=217246"}],"version-history":[{"count":0,"href":"https:\/\/quicosenza.it\/news\/wp-json\/wp\/v2\/posts\/217246\/revisions"}],"wp:featuredmedia":[{"embeddable":true,"href":"https:\/\/quicosenza.it\/news\/wp-json\/wp\/v2\/media\/217252"}],"wp:attachment":[{"href":"https:\/\/quicosenza.it\/news\/wp-json\/wp\/v2\/media?parent=217246"}],"wp:term":[{"taxonomy":"category","embeddable":true,"href":"https:\/\/quicosenza.it\/news\/wp-json\/wp\/v2\/categories?post=217246"},{"taxonomy":"post_tag","embeddable":true,"href":"https:\/\/quicosenza.it\/news\/wp-json\/wp\/v2\/tags?post=217246"}],"curies":[{"name":"wp","href":"https:\/\/api.w.org\/{rel}","templated":true}]}}