{"id":217371,"date":"2023-11-23T10:30:56","date_gmt":"2023-11-23T09:30:56","guid":{"rendered":"https:\/\/www.quicosenza.it\/news\/?p=217371"},"modified":"2023-11-23T11:48:15","modified_gmt":"2023-11-23T10:48:15","slug":"inchiesta-maestrale-carthago-commissione-daccesso-antimafia-allasp-di-vibo","status":"publish","type":"post","link":"https:\/\/quicosenza.it\/news\/inchiesta-maestrale-carthago-commissione-daccesso-antimafia-allasp-di-vibo\/","title":{"rendered":"Inchiesta Maestrale &#8211; Carthago, commissione d\u2019accesso antimafia all&#8217;Asp di Vibo"},"content":{"rendered":"<p>VIBO VALENTIA &#8211; Ad inviare la commissione d&#8217;accesso agli atti all&#8217;Azienda sanitaria provinciale vibonese di per accertare eventuali <strong>condizionamenti della criminalit\u00e0<\/strong> \u00e8 stata la Prefettura di Vibo a seguito dell&#8217;operazione coordinata dalla Dda di Catanzaro, Maestrale-Carthago. Il blitz ha visto coinvolti <strong>dirigenti medici e funzionari dell&#8217;Asp<\/strong> cui vengono contestate, a vario titolo, diverse accuse tra le quali il concorso esterno in associazione mafiosa e altri reati aggravati dalla mafiosit\u00e0. Nel corso dell&#8217;operazione, condotta dai carabinieri a maggio scorso, sono state sottoposte a <strong>fermo 61 persone ritenute affiliate o legate a cosche della zona.<\/strong> Complessivamente <strong>le persone indagate sono 167.<\/strong><\/p>\n<p>Nelle scorse settimane, in Prefettura, si era svolto un incontro su questo argomento con la partecipazione del prefetto Paolo Giovanni Grieco, del procuratore della Repubblica Camillo Falvo, del facente funzioni della Dda di Catanzaro Vincenzo Capomolla, dei comandanti provinciali di Carabinieri Luca Toti e Guardia di Finanza Massimo Ghibaudo e del questore Cristiano Tatarelli. Ed \u00e8 la seconda volta in circa 20 anni che l&#8217;Asp di Vibo Valentia finisce in indagini della magistratura.<\/p>\n<p>Il generale <strong>Antonio Battistini<\/strong>, commissario straordinario dell\u2019Azienda sanitaria provinciale ha spiegato che la commissione d\u2019accesso \u00e8 <strong>composta da componenti delle Forze dell\u2019Ordine del capoluogo,<\/strong> ed ha chiesto alla direzione strategica dell\u2019Asp di produrre, entro una quindicina di giorni, gli atti relativi a vicende riconducibili alle indagini che hanno coinvolto la provincia e la stessa Asp a partire dal 2013. &#8220;Fatti che &#8211; spiega Battistini &#8211; si sono verificati parecchi anni fa, molto prima del nostro arrivo\u201d.<\/p>\n<p>&#8220;La direzione strategica &#8211; precisa ancora il generale &#8211; \u00e8 gi\u00e0 al lavoro per mettere a disposizione degli inquirenti gli atti richiesti, nel convincimento che questa verifica ulteriore rafforzer\u00e0 la azioni gi\u00e0 messe in atto per restituire credibilit\u00e0 a tutto il personale che quotidianamente lavora per restituire ai cittadini, un sistema sanitario trasparente e all\u2019altezza dei bisogni assistenziali espressi dal territorio&#8221;.<\/p>\n","protected":false},"excerpt":{"rendered":"<p>VIBO VALENTIA &#8211; Ad inviare la commissione d&#8217;accesso agli atti all&#8217;Azienda sanitaria provinciale vibonese di per accertare eventuali condizionamenti della criminalit\u00e0 \u00e8 stata la Prefettura di Vibo a seguito dell&#8217;operazione coordinata dalla Dda di Catanzaro, Maestrale-Carthago. Il blitz ha visto coinvolti dirigenti medici e funzionari dell&#8217;Asp cui vengono contestate, a vario titolo, diverse accuse tra [&hellip;]<\/p>\n","protected":false},"author":42,"featured_media":153104,"comment_status":"closed","ping_status":"closed","sticky":false,"template":"","format":"standard","meta":{"_acf_changed":false,"footnotes":"","jetpack_publicize_message":"","jetpack_publicize_feature_enabled":true,"jetpack_social_post_already_shared":false,"jetpack_social_options":{"image_generator_settings":{"template":"highway","default_image_id":0,"font":"","enabled":false},"version":2}},"categories":[17],"tags":[],"class_list":["post-217371","post","type-post","status-publish","format-standard","has-post-thumbnail","hentry","category-calabria"],"acf":[],"jetpack_publicize_connections":[],"_links":{"self":[{"href":"https:\/\/quicosenza.it\/news\/wp-json\/wp\/v2\/posts\/217371","targetHints":{"allow":["GET"]}}],"collection":[{"href":"https:\/\/quicosenza.it\/news\/wp-json\/wp\/v2\/posts"}],"about":[{"href":"https:\/\/quicosenza.it\/news\/wp-json\/wp\/v2\/types\/post"}],"author":[{"embeddable":true,"href":"https:\/\/quicosenza.it\/news\/wp-json\/wp\/v2\/users\/42"}],"replies":[{"embeddable":true,"href":"https:\/\/quicosenza.it\/news\/wp-json\/wp\/v2\/comments?post=217371"}],"version-history":[{"count":0,"href":"https:\/\/quicosenza.it\/news\/wp-json\/wp\/v2\/posts\/217371\/revisions"}],"wp:featuredmedia":[{"embeddable":true,"href":"https:\/\/quicosenza.it\/news\/wp-json\/wp\/v2\/media\/153104"}],"wp:attachment":[{"href":"https:\/\/quicosenza.it\/news\/wp-json\/wp\/v2\/media?parent=217371"}],"wp:term":[{"taxonomy":"category","embeddable":true,"href":"https:\/\/quicosenza.it\/news\/wp-json\/wp\/v2\/categories?post=217371"},{"taxonomy":"post_tag","embeddable":true,"href":"https:\/\/quicosenza.it\/news\/wp-json\/wp\/v2\/tags?post=217371"}],"curies":[{"name":"wp","href":"https:\/\/api.w.org\/{rel}","templated":true}]}}