{"id":217429,"date":"2023-11-23T15:11:37","date_gmt":"2023-11-23T14:11:37","guid":{"rendered":"https:\/\/www.quicosenza.it\/news\/?p=217429"},"modified":"2023-11-23T14:57:05","modified_gmt":"2023-11-23T13:57:05","slug":"a-san-giovanni-fiore-la-scuola-agraria-unopera-attesa-da-20-anni","status":"publish","type":"post","link":"https:\/\/quicosenza.it\/news\/a-san-giovanni-fiore-la-scuola-agraria-unopera-attesa-da-20-anni\/","title":{"rendered":"A San Giovanni Fiore la Scuola agraria, un\u2019opera attesa da 20 anni"},"content":{"rendered":"<p>&nbsp;<\/p>\n<p>SAN GIOVANNI IN FIORE \u2013 E\u2019 stata posata la prima pietra della nuova Scuola agraria di San Giovanni in Fiore. Si tratta di un progetto complessivo di ben 6 milioni di euro, finanziato dalla Provincia di Cosenza, volto a rilanciare il comparto agricolo e frutto di grande attenzione per il territorio e le sue peculiarit\u00e0.<\/p>\n<p>Un progetto, che non riguarda soltanto la citt\u00e0 di San Giovanni, ma interessa l\u2019intero circondario.\u00a0\u00c8 una grande soddisfazione, perch\u00e9 l\u2019opera era attesa da oltre vent\u2019anni. Anche nelle sue parole, il dirigente scolastico, Pasquale Succurro, ha fatto trasparire questo sentimento: \u201callora, andiamo avanti sempre verso migliori traguardi e risultati, in questo caso per il bene degli studenti, che devono formarsi nelle nostre scuole e poi rimanere nella nostra terra\u201d.<\/p>\n<p>Con le proprie caratteristiche, la Scuola agraria di San Giovanni in Fiore accompagna i giovani a costruire il loro futuro proprio nel territorio, con l\u2019apertura o la conduzione di aziende agrituristiche e di altre attivit\u00e0 specifiche, molte delle quali gi\u00e0 di propriet\u00e0 familiare.<\/p>\n","protected":false},"excerpt":{"rendered":"<p>&nbsp; SAN GIOVANNI IN FIORE \u2013 E\u2019 stata posata la prima pietra della nuova Scuola agraria di San Giovanni in Fiore. Si tratta di un progetto complessivo di ben 6 milioni di euro, finanziato dalla Provincia di Cosenza, volto a rilanciare il comparto agricolo e frutto di grande attenzione per il territorio e le sue [&hellip;]<\/p>\n","protected":false},"author":59,"featured_media":217430,"comment_status":"closed","ping_status":"closed","sticky":false,"template":"","format":"video","meta":{"_acf_changed":false,"footnotes":"","jetpack_publicize_message":"","jetpack_publicize_feature_enabled":true,"jetpack_social_post_already_shared":false,"jetpack_social_options":{"image_generator_settings":{"template":"highway","default_image_id":0,"font":"","enabled":false},"version":2}},"categories":[28],"tags":[19,135],"class_list":["post-217429","post","type-post","status-publish","format-video","has-post-thumbnail","hentry","category-provincia","tag-copertina","tag-video","post_format-post-format-video"],"acf":[],"jetpack_publicize_connections":[],"_links":{"self":[{"href":"https:\/\/quicosenza.it\/news\/wp-json\/wp\/v2\/posts\/217429","targetHints":{"allow":["GET"]}}],"collection":[{"href":"https:\/\/quicosenza.it\/news\/wp-json\/wp\/v2\/posts"}],"about":[{"href":"https:\/\/quicosenza.it\/news\/wp-json\/wp\/v2\/types\/post"}],"author":[{"embeddable":true,"href":"https:\/\/quicosenza.it\/news\/wp-json\/wp\/v2\/users\/59"}],"replies":[{"embeddable":true,"href":"https:\/\/quicosenza.it\/news\/wp-json\/wp\/v2\/comments?post=217429"}],"version-history":[{"count":0,"href":"https:\/\/quicosenza.it\/news\/wp-json\/wp\/v2\/posts\/217429\/revisions"}],"wp:featuredmedia":[{"embeddable":true,"href":"https:\/\/quicosenza.it\/news\/wp-json\/wp\/v2\/media\/217430"}],"wp:attachment":[{"href":"https:\/\/quicosenza.it\/news\/wp-json\/wp\/v2\/media?parent=217429"}],"wp:term":[{"taxonomy":"category","embeddable":true,"href":"https:\/\/quicosenza.it\/news\/wp-json\/wp\/v2\/categories?post=217429"},{"taxonomy":"post_tag","embeddable":true,"href":"https:\/\/quicosenza.it\/news\/wp-json\/wp\/v2\/tags?post=217429"}],"curies":[{"name":"wp","href":"https:\/\/api.w.org\/{rel}","templated":true}]}}