{"id":228975,"date":"2024-05-03T07:00:46","date_gmt":"2024-05-03T05:00:46","guid":{"rendered":"https:\/\/www.quicosenza.it\/news\/?p=228975"},"modified":"2024-05-02T07:20:56","modified_gmt":"2024-05-02T05:20:56","slug":"cosenza-festeggia-oggi-il-santissimo-crocifisso-una-lunga-storia-di-fede-amore-e-miracoli","status":"publish","type":"post","link":"https:\/\/quicosenza.it\/news\/cosenza-festeggia-oggi-il-santissimo-crocifisso-una-lunga-storia-di-fede-amore-e-miracoli\/","title":{"rendered":"Cosenza festeggia oggi il &#8220;Santissimo Crocifisso&#8221;: una lunga storia di fede, amore e miracoli"},"content":{"rendered":"<p>COSENZA &#8211; La festivit\u00e0 religiosa del <strong>3 maggio<\/strong>, dopo quella della\u00a0<strong>Santa Madonna del Pilerio<\/strong>, patrona della citt\u00e0, \u00e8 tra le pi\u00f9 sentite e partecipate a Cosenza, con migliaia di pellegrini in preghiera verso il Santuario per l\u2019intero periodo della novena. <strong>La Festa del Santissimo Crocifisso \u00e8 una storia di fede e d&#8217;amore lunga 4 secoli<\/strong> che si celebra nella chiesa, <strong>diventata Santuario a<\/strong> cui \u00e8 annesso un convento, sede di una comunit\u00e0 di frati minori Cappuccini, gestori del santuario nel quale il Crocifisso \u00e8 particolarmente venerato. Questo luogo rappresenta<strong> uno dei tratti maggiormente caratteristici dell&#8217;identit\u00e0, un luogo di fede e coscienza civica, un luogo di storia e profonda spiritualit\u00e0<\/strong>. E il <strong>quartiere della Riforma<\/strong> \u00e8 al centro dei festeggiamenti: qui si svolgeva anche una tradizionale fiera, con la presenza di decine di espositori e un gran numero di visitatori, musica, gare sportive e giochi popolari.<\/p>\n<p><img loading=\"lazy\" decoding=\"async\" class=\"wp-image-27223 entered lazyloaded aligncenter\" src=\"https:\/\/cdn-italiani-media.italiani.it\/site-cosenza\/sites\/77\/2020\/04\/%C3%ACchiesa-riforma-in-costruzione.jpg\" alt=\"santissimo crocifisso chiesa Riforma In Costruzione\" width=\"488\" height=\"344\" data-lazy-src=\"https:\/\/cdn-italiani-media.italiani.it\/site-cosenza\/sites\/77\/2020\/04\/\u00ecchiesa-riforma-in-costruzione.jpg\" data-ll-status=\"loaded\" title=\"\"><\/p>\n<p><strong>Il Santissimo Crocifisso di Cosenza, il cui Santuario \u00e8 conosciuto anche con il nome di \u201cRiforma\u201d<\/strong>, per la presenza nel convento dei Frati Riformati, appartenenti alla famiglia francescana. I Frati, favorirono lo svilupparsi del culto del Santissimo Crocifisso,<strong> che in seguito, si consider\u00f2 miracoloso<\/strong>. \u00c8 dal 3 maggio del 1600, che infatti, la citt\u00e0 di Cosenza, ogni anno, celebra con solennit\u00e0 questa memoria.<\/p>\n<h3>Il Santissimo Crocifisso e il miracolo<\/h3>\n<p>Nel corso di quattro secoli, tanti miracoli e prodigi ad opera del Santissimo Crocifisso: scampo nelle calamit\u00e0 naturali, salute ai mali fisici, sollievo alla sofferenza dell\u2019anima. <strong>Non tralasciando il fatto che ha salvato la citt\u00e0 di Cosenza e la sua popolazione durante i terribili combattimenti della Seconda Guerra Mondiale<\/strong>. Ed \u00e8 proprio durante il bombardamento del 3 maggio 1943, che la chiesa venne rasa al suolo, insieme al Convento, con conseguente distruzione di documenti di archivio e opere d\u2019arte. <strong>Solo il Simulacro del SS. Crocifisso, rimase indenne al fuoco e alle fiamme<\/strong>. L\u2019edificio religioso, venne ricostruito grazie all\u2019architetto cosentino, Salvatore Giuliani. Il 25 novembre 1953 la chiesa, quasi ristrutturata, venne riaperta al culto tramite la solenne consacrazione dell\u2019arcivescovo Mons. Aniello Calcara.<\/p>\n<p><img loading=\"lazy\" decoding=\"async\" class=\"wp-image-228983 aligncenter\" src=\"https:\/\/quicosenza.it\/news\/wp-content\/uploads\/2024\/04\/c700b4df-15ea-4e00-ad41-51927dadb73f-1.jpg\" alt=\"\" width=\"563\" height=\"382\" title=\"\" srcset=\"https:\/\/quicosenza.it\/news\/wp-content\/uploads\/2024\/04\/c700b4df-15ea-4e00-ad41-51927dadb73f-1.jpg 850w, https:\/\/quicosenza.it\/news\/wp-content\/uploads\/2024\/04\/c700b4df-15ea-4e00-ad41-51927dadb73f-1-300x204.jpg 300w, https:\/\/quicosenza.it\/news\/wp-content\/uploads\/2024\/04\/c700b4df-15ea-4e00-ad41-51927dadb73f-1-768x521.jpg 768w, https:\/\/quicosenza.it\/news\/wp-content\/uploads\/2024\/04\/c700b4df-15ea-4e00-ad41-51927dadb73f-1-150x102.jpg 150w, https:\/\/quicosenza.it\/news\/wp-content\/uploads\/2024\/04\/c700b4df-15ea-4e00-ad41-51927dadb73f-1-696x472.jpg 696w, https:\/\/quicosenza.it\/news\/wp-content\/uploads\/2024\/04\/c700b4df-15ea-4e00-ad41-51927dadb73f-1-619x420.jpg 619w\" sizes=\"auto, (max-width: 563px) 100vw, 563px\" \/><\/p>\n<div class=\"wp-block-image\" style=\"text-align: left;\">\n<p>Il 1959, \u00e8 l\u2019anno in cui, dopo aver ripristinato quasi interamente il convento, senza aiuti dallo Stato, per non perderlo,<strong> i Frati si videro costretti ad acquistarlo, come se non fosse di loro propriet\u00e0.<\/strong> E poich\u00e9 l\u2019attuale convento cappuccino a Cosenza risultava pienamente efficiente, e la chiesa finita, domenica 15 febbraio 1976 si inaugur\u00f2, con la partecipazione dell\u2019Arcivescovo Enea Selis, davanti ad un numeroso popolo di devoti, nonch\u00e9 appartenenti al clero secolare.<\/p>\n<p><img loading=\"lazy\" decoding=\"async\" class=\"wp-image-228978 alignnone\" src=\"https:\/\/quicosenza.it\/news\/wp-content\/uploads\/2024\/04\/088cfd53-5ad4-4a54-87c4-d3533ff4b507.jpg\" alt=\"\" width=\"278\" height=\"506\" title=\"\" srcset=\"https:\/\/quicosenza.it\/news\/wp-content\/uploads\/2024\/04\/088cfd53-5ad4-4a54-87c4-d3533ff4b507.jpg 528w, https:\/\/quicosenza.it\/news\/wp-content\/uploads\/2024\/04\/088cfd53-5ad4-4a54-87c4-d3533ff4b507-165x300.jpg 165w, https:\/\/quicosenza.it\/news\/wp-content\/uploads\/2024\/04\/088cfd53-5ad4-4a54-87c4-d3533ff4b507-150x273.jpg 150w, https:\/\/quicosenza.it\/news\/wp-content\/uploads\/2024\/04\/088cfd53-5ad4-4a54-87c4-d3533ff4b507-300x545.jpg 300w, https:\/\/quicosenza.it\/news\/wp-content\/uploads\/2024\/04\/088cfd53-5ad4-4a54-87c4-d3533ff4b507-231x420.jpg 231w\" sizes=\"auto, (max-width: 278px) 100vw, 278px\" \/> <img loading=\"lazy\" decoding=\"async\" class=\"alignnone wp-image-228979 \" src=\"https:\/\/quicosenza.it\/news\/wp-content\/uploads\/2024\/04\/131f67d0-6cd4-440b-8803-3f2b68fb3d95.jpg\" alt=\"\" width=\"380\" height=\"507\" title=\"\" srcset=\"https:\/\/quicosenza.it\/news\/wp-content\/uploads\/2024\/04\/131f67d0-6cd4-440b-8803-3f2b68fb3d95.jpg 720w, https:\/\/quicosenza.it\/news\/wp-content\/uploads\/2024\/04\/131f67d0-6cd4-440b-8803-3f2b68fb3d95-225x300.jpg 225w, https:\/\/quicosenza.it\/news\/wp-content\/uploads\/2024\/04\/131f67d0-6cd4-440b-8803-3f2b68fb3d95-150x200.jpg 150w, https:\/\/quicosenza.it\/news\/wp-content\/uploads\/2024\/04\/131f67d0-6cd4-440b-8803-3f2b68fb3d95-300x400.jpg 300w, https:\/\/quicosenza.it\/news\/wp-content\/uploads\/2024\/04\/131f67d0-6cd4-440b-8803-3f2b68fb3d95-696x928.jpg 696w, https:\/\/quicosenza.it\/news\/wp-content\/uploads\/2024\/04\/131f67d0-6cd4-440b-8803-3f2b68fb3d95-315x420.jpg 315w\" sizes=\"auto, (max-width: 380px) 100vw, 380px\" \/><\/p>\n<h3>I festeggiamenti<\/h3>\n<p><strong>In realt\u00e0, i festeggiamenti iniziano, il 23 aprile con l\u2019esposizione dei venerati simulacri del SS. Crocifisso e della Madonna Addolorata<\/strong>, con una solenne celebrazione eucaristica durante la quale, il popolo offre l\u2019olio che serve ad alimentare la lampada la cui luce, si riaccende ogni anno in questo giorno. Poi il 24, si inizia al mattino con la<strong> Santa Messa<\/strong> e al pomeriggio con l<strong>a recita del rosario e il canto della Salve Regina all\u2019Addolorata<\/strong>. Si conclude con la recita della \u201cCoroncina alle Cinque Piaghe\u201d. Il 1 maggio, il SS. Crocifisso <strong>si porta in processione nel piazzale dell\u2019Ospedale Annunziata di Cosenza, con celebrazione eucaristica cui partecipano personale medico e ammalati<\/strong>. Il 2 maggio, si celebrano i primi Vespri dinnanzi al Santissimo Sacramento e poi si rinnova la consacrazione<\/p>\n<h3 class=\"wp-block-heading\">La festa del 3 maggio<\/h3>\n<p>Nel giorno della festa, il 3 maggio, l\u2019inizio della giornata \u00e8 annunziato dal suono dei tamburi. Alle 10, si inizia con la celebrazione e il sindaco di Cosenza offre i fiori in segno di devozione dell\u2019intera citt\u00e0, al SS. Crocifisso.\u00a0 <strong>Alle 17.30, segue la Messa nel Piazzale della Riforma, e alle 18 terminata la celebrazione, le campane iniziano a suonare a festa, accompagnate dagli spari e dalle note delle bande musicali<\/strong>.\u00a0Si portano in processione la statua della Vergine Addolorata e quella del miracoloso simulacro del SS. Crocifisso. La folla esulta emozionata, uscendo dalla Chiesa. Poi si prosegue con la processione per le vie di Cosenza, tra migliaia di luci colorate. E nella Piazza della Riforma agghindata a festa, non mancano le bancarelle, e la gioia di una festa tanto attesa.<\/p>\n<p><a href=\"https:\/\/quicosenza.it\/news\/?attachment_id=228998\" rel=\"attachment wp-att-228998\"><img loading=\"lazy\" decoding=\"async\" class=\"wp-image-228998 aligncenter\" src=\"https:\/\/quicosenza.it\/news\/wp-content\/uploads\/2024\/05\/Santo-crocifisso.jpg\" alt=\"Santo crocifisso\" width=\"498\" height=\"722\" title=\"\" srcset=\"https:\/\/quicosenza.it\/news\/wp-content\/uploads\/2024\/05\/Santo-crocifisso.jpg 662w, https:\/\/quicosenza.it\/news\/wp-content\/uploads\/2024\/05\/Santo-crocifisso-207x300.jpg 207w, https:\/\/quicosenza.it\/news\/wp-content\/uploads\/2024\/05\/Santo-crocifisso-150x218.jpg 150w, https:\/\/quicosenza.it\/news\/wp-content\/uploads\/2024\/05\/Santo-crocifisso-300x435.jpg 300w, https:\/\/quicosenza.it\/news\/wp-content\/uploads\/2024\/05\/Santo-crocifisso-290x420.jpg 290w\" sizes=\"auto, (max-width: 498px) 100vw, 498px\" \/><\/a><\/p>\n<h3>La fede e la speranza<\/h3>\n<p>Quella in onore del Santissimo Crocifisso \u00e8 una festa di maggio, il mese delle rose e della Madonna, <strong>che sa di fede e di miracolo.<\/strong><\/p>\n<p>&nbsp;<\/p>\n<p>&nbsp;<\/p>\n<\/div>\n","protected":false},"excerpt":{"rendered":"<p>COSENZA &#8211; La festivit\u00e0 religiosa del 3 maggio, dopo quella della\u00a0Santa Madonna del Pilerio, patrona della citt\u00e0, \u00e8 tra le pi\u00f9 sentite e partecipate a Cosenza, con migliaia di pellegrini in preghiera verso il Santuario per l\u2019intero periodo della novena. La Festa del Santissimo Crocifisso \u00e8 una storia di fede e d&#8217;amore lunga 4 secoli [&hellip;]<\/p>\n","protected":false},"author":60,"featured_media":228995,"comment_status":"closed","ping_status":"closed","sticky":false,"template":"","format":"standard","meta":{"_acf_changed":false,"footnotes":"","jetpack_publicize_message":"","jetpack_publicize_feature_enabled":true,"jetpack_social_post_already_shared":false,"jetpack_social_options":{"image_generator_settings":{"template":"highway","default_image_id":0,"font":"","enabled":false},"version":2}},"categories":[563,42],"tags":[19],"class_list":["post-228975","post","type-post","status-publish","format-standard","has-post-thumbnail","hentry","category-area-urbana","category-cosenza","tag-copertina"],"acf":[],"jetpack_publicize_connections":[],"_links":{"self":[{"href":"https:\/\/quicosenza.it\/news\/wp-json\/wp\/v2\/posts\/228975","targetHints":{"allow":["GET"]}}],"collection":[{"href":"https:\/\/quicosenza.it\/news\/wp-json\/wp\/v2\/posts"}],"about":[{"href":"https:\/\/quicosenza.it\/news\/wp-json\/wp\/v2\/types\/post"}],"author":[{"embeddable":true,"href":"https:\/\/quicosenza.it\/news\/wp-json\/wp\/v2\/users\/60"}],"replies":[{"embeddable":true,"href":"https:\/\/quicosenza.it\/news\/wp-json\/wp\/v2\/comments?post=228975"}],"version-history":[{"count":0,"href":"https:\/\/quicosenza.it\/news\/wp-json\/wp\/v2\/posts\/228975\/revisions"}],"wp:featuredmedia":[{"embeddable":true,"href":"https:\/\/quicosenza.it\/news\/wp-json\/wp\/v2\/media\/228995"}],"wp:attachment":[{"href":"https:\/\/quicosenza.it\/news\/wp-json\/wp\/v2\/media?parent=228975"}],"wp:term":[{"taxonomy":"category","embeddable":true,"href":"https:\/\/quicosenza.it\/news\/wp-json\/wp\/v2\/categories?post=228975"},{"taxonomy":"post_tag","embeddable":true,"href":"https:\/\/quicosenza.it\/news\/wp-json\/wp\/v2\/tags?post=228975"}],"curies":[{"name":"wp","href":"https:\/\/api.w.org\/{rel}","templated":true}]}}