{"id":231425,"date":"2024-05-30T15:38:17","date_gmt":"2024-05-30T13:38:17","guid":{"rendered":"https:\/\/www.quicosenza.it\/news\/?p=231425"},"modified":"2025-10-17T15:05:06","modified_gmt":"2025-10-17T13:05:06","slug":"cosenza-efficientamento-ergetico-nelle-scuole-dello-spirito-santo-e-di-via-milelli","status":"publish","type":"post","link":"https:\/\/quicosenza.it\/news\/cosenza-efficientamento-ergetico-nelle-scuole-dello-spirito-santo-e-di-via-milelli\/","title":{"rendered":"Cosenza, efficientamento energetico nelle scuole dello Spirito Santo e di via Milelli"},"content":{"rendered":"<p>COSENZA &#8211; <strong>Luned\u00ec prossimo 3 giugno, alle ore 18,00,<\/strong> il Sindaco Franz Caruso e il consigliere delegato ad Agenda Urbana, Francesco Alimena, saranno ospiti dell&#8217;Istituto comprensivo &#8220;Spirito Santo&#8221; e del dirigente scolastico Massimo Ciglio per<strong> suggellare la fine dei lavori di efficientamento energetico della scuola<\/strong>, portati a compimento grazie ai fondi di Agenda Urbana. Con l&#8217;occasione, saranno illustrati sia i lavori eseguiti all&#8217;interno dell&#8217;Istituto comprensivo &#8220;Spirito Santo&#8221;, sia quelli realizzati all&#8217;interno del plesso della scuola primaria di via Milelli che fa parte dell&#8217;Istituto comprensivo &#8220;Bonaventura Zumbini&#8221; e che rientrano nello stesso intervento di Agenda Urbana. All&#8217;iniziativa del 3 giugno saranno presenti anche il Dirigente del settore Lavori pubblici, ing.Salvatore Modesto, l&#8217;ing.Maria Colucci, Rup dell&#8217;intervento, e l&#8217;impresa che ha eseguito i lavori. L&#8217;intervento ha avuto come finalit\u00e0 la riqualificazione energetica degli immobili scolastici, mantenendo inalterata la figura degli edifici oggetto di tutela storica.<\/p>\n<h3>Efficientamento energetico nelle scuole dello Spirito Santo e di via Milelli<\/h3>\n<p>&#8220;Abbiamo efficientato \u2013 sottolinea in una dichiarazione il Sindaco Franz Caruso \u2013 le due scuole storiche della citt\u00e0 che rappresentano <strong>due luoghi simbolo di altrettanti rioni importanti del centro storico<\/strong>. Gli interventi che sono stati portati a compimento nell&#8217;Istituto Spirito Santo e nella scuola di via Milelli sono un tassello significativo di quel percorso che l&#8217;Amministrazione comunale ha intrapreso e che \u00e8 volto a riefficientare e riqualificare anche le altre scuole della citt\u00e0 bisognevoli di interventi di manutenzione.<\/p>\n<p>A questo proposito \u2013 ha aggiunto Franz Caruso \u2013 si sta effettuando una ricognizione delle possibili risorse da impiegare, laddove c&#8217;\u00e8 necessit\u00e0 di intervenire per risolvere le criticit\u00e0 presenti, anche a seguito delle interlocuzioni avute con quasi tutti i dirigenti scolastici. La conclusione degli interventi che luned\u00ec celebreremo, insieme alla chiusura dell&#8217;anno scolastico, all&#8217;Istituto comprensivo &#8220;Spirito Santo&#8221;, \u00e8 la plastica dimostrazione di come \u2013 ha concluso Franz Caruso \u2013 non sia assolutamente vero che le Amministrazioni comunali del Sud non sappiano spendere i fondi europei e che i lavori non finiscono mai. Noi abbiamo dimostrato esattamente il contrario, anche perch\u00e9, quando c&#8217;\u00e8 in gioco il diritto all&#8217;educazione dei nostri studenti e il dovere di garantire loro le condizioni di assoluta salubrit\u00e0 e sicurezza all&#8217;interno degli ambienti scolastici, i nostri sforzi devono moltiplicarsi e raggiungere gli obiettivi che ci siamo prefissi&#8221;.<\/p>\n<p>Anche il consigliere delegato<strong> Francesco Alimena<\/strong> esprime la sua soddisfazione per la conclusione degli interventi. &#8220;Sono state scelte le due scuole storiche di Cosenza che hanno rappresentato nel tempo e continuano a rappresentare due pres\u00ecdi fondamentali del diritto all&#8217;istruzione per due quartieri popolari della citt\u00e0 e che oggi, grazie a questi interventi, guardano al futuro con la consapevolezza di essere attualmente le due scuole pi\u00f9 salubri, pi\u00f9 sicure e meglio riqualificato sotto il profilo energetico, di tutto il territorio cittadino&#8221;.<\/p>\n<h3><strong>I due interventi nelle scuole<\/strong><\/h3>\n<p>L&#8217;intervento che ha riguardato <strong>la Scuola dello Spirito Santo,<\/strong> concretizzatosi nella <strong>riqualificazione energetica dell&#8217;immobile,<\/strong> \u00e8 stato indirizzato al miglioramento ed all&#8217;ottimizzazione delle condizioni energetiche del complesso, nell&#8217;ottica della progettazione integrata involucro-impianti che ha tenuto conto anche della necessit\u00e0 di utilizzare materiali e tecniche compatibili con i supporti murari e strutturali esistenti. I lavori, oltre che volti all&#8217;adeguamento normativo ed all&#8217;efficientamento termico, elettrico ed illuminotecnico degli impianti, sono stati finalizzati alla riduzione dei consumi energetici ed a configurare anche adeguati sistemi di sicurezza antintrusione, attraverso la realizzazione di un impianto di videosorveglianza. Gli interventi hanno riguardato anche la palestra della scuola e l&#8217;auditorium dove, come in tutti gli ambienti della scuola, si registrer\u00e0, grazie ai lavori eseguiti, un miglioramento della qualit\u00e0 dell&#8217;aria, della vivibilit\u00e0, sicurezza e salubrit\u00e0 degli ambienti.<\/p>\n<p><strong>Nella scuola di via Milelli,<\/strong> uno dei primi esempi in cui si speriment\u00f2 a Cosenza l&#8217;ossatura in cemento armato, si \u00e8 proceduto alla sistemazione del manto di copertura, alla manutenzione straordinaria e alla coibentazione per garantire la salubrit\u00e0 ambientale interna. Sono stati, inoltre, sostituiti i corpi illuminanti esistenti con altri corpi maggiormente efficienti sotto il profilo energetico. Sostituite anche le caldaie con la realizzazione di centrali termiche di ultima generazione e con il conseguente ammodernamento dell&#8217;impianto.<\/p>\n","protected":false},"excerpt":{"rendered":"<p>COSENZA &#8211; Luned\u00ec prossimo 3 giugno, alle ore 18,00, il Sindaco Franz Caruso e il consigliere delegato ad Agenda Urbana, Francesco Alimena, saranno ospiti dell&#8217;Istituto comprensivo &#8220;Spirito Santo&#8221; e del dirigente scolastico Massimo Ciglio per suggellare la fine dei lavori di efficientamento energetico della scuola, portati a compimento grazie ai fondi di Agenda Urbana. Con [&hellip;]<\/p>\n","protected":false},"author":58,"featured_media":231426,"comment_status":"closed","ping_status":"closed","sticky":false,"template":"","format":"standard","meta":{"_acf_changed":false,"footnotes":"","jetpack_publicize_message":"","jetpack_publicize_feature_enabled":true,"jetpack_social_post_already_shared":false,"jetpack_social_options":{"image_generator_settings":{"template":"highway","default_image_id":0,"font":"","enabled":false},"version":2}},"categories":[563,42],"tags":[19],"class_list":["post-231425","post","type-post","status-publish","format-standard","has-post-thumbnail","hentry","category-area-urbana","category-cosenza","tag-copertina"],"acf":[],"jetpack_publicize_connections":[],"_links":{"self":[{"href":"https:\/\/quicosenza.it\/news\/wp-json\/wp\/v2\/posts\/231425","targetHints":{"allow":["GET"]}}],"collection":[{"href":"https:\/\/quicosenza.it\/news\/wp-json\/wp\/v2\/posts"}],"about":[{"href":"https:\/\/quicosenza.it\/news\/wp-json\/wp\/v2\/types\/post"}],"author":[{"embeddable":true,"href":"https:\/\/quicosenza.it\/news\/wp-json\/wp\/v2\/users\/58"}],"replies":[{"embeddable":true,"href":"https:\/\/quicosenza.it\/news\/wp-json\/wp\/v2\/comments?post=231425"}],"version-history":[{"count":0,"href":"https:\/\/quicosenza.it\/news\/wp-json\/wp\/v2\/posts\/231425\/revisions"}],"wp:featuredmedia":[{"embeddable":true,"href":"https:\/\/quicosenza.it\/news\/wp-json\/wp\/v2\/media\/231426"}],"wp:attachment":[{"href":"https:\/\/quicosenza.it\/news\/wp-json\/wp\/v2\/media?parent=231425"}],"wp:term":[{"taxonomy":"category","embeddable":true,"href":"https:\/\/quicosenza.it\/news\/wp-json\/wp\/v2\/categories?post=231425"},{"taxonomy":"post_tag","embeddable":true,"href":"https:\/\/quicosenza.it\/news\/wp-json\/wp\/v2\/tags?post=231425"}],"curies":[{"name":"wp","href":"https:\/\/api.w.org\/{rel}","templated":true}]}}