{"id":232662,"date":"2024-06-14T11:30:26","date_gmt":"2024-06-14T09:30:26","guid":{"rendered":"https:\/\/www.quicosenza.it\/news\/?p=232662"},"modified":"2024-06-14T10:45:38","modified_gmt":"2024-06-14T08:45:38","slug":"maysoon-majidi-detenuta-a-castrovillari-presto-ludienza-laghi-da-medico-sono-preoccupato","status":"publish","type":"post","link":"https:\/\/quicosenza.it\/news\/maysoon-majidi-detenuta-a-castrovillari-presto-ludienza-laghi-da-medico-sono-preoccupato\/","title":{"rendered":"Maysoon Majidi detenuta a Castrovillari, presto l&#8217;udienza. Laghi \u00abda medico sono preoccupato\u00bb"},"content":{"rendered":"<p>CASTROVILLARI (CS) &#8211; E&#8217; sempre pi\u00f9 provata <strong>Maysoon Majidi<\/strong>, l&#8217;attivista curdo iraniana detenuta nel carcere di Castrovillari con l&#8217;accusa di essere una scafista. E&#8217; per questo che il consigliere regionale <strong>Ferdinando Laghi, \u00e8 tornato a farle visita<\/strong>, sia per valutare le condizioni di salute, dopo averla trovata assai provata la scorsa volta, in occasione dello sciopero della fame &#8211; nonostante l&#8217;ottimo trattamento riservatole in carcere &#8211;\u00a0 che in qualit\u00e0 di rappresentante delle istituzioni, alla luce della <strong>prossima udienza con giudizio immediato che si terr\u00e0 il 24 luglio prossimo<\/strong> e sancir\u00e0 per la Majidi l&#8217;inizio del processo vero e proprio.<\/p>\n<p>&#8220;Maysoon ha <strong>difficolt\u00e0 ad alimentarsi<\/strong>, basti pensare che ora <strong>pesa solo 39 chili <\/strong>&#8211; ha detto Laghi al termine della visita &#8211; ma ci\u00f2 che maggiormente mi preoccupa \u00e8 lo stato di ansia e depressione in cui si trova. La giovane, in effetti, non si rende conto del perch\u00e9 sia sottoposta al regime carcerario, <strong>considerato che era in fuga da un regime repressivo<\/strong> che minacciava proprio la sua libert\u00e0 e la sua stessa vita&#8221;.<\/p>\n","protected":false},"excerpt":{"rendered":"<p>CASTROVILLARI (CS) &#8211; E&#8217; sempre pi\u00f9 provata Maysoon Majidi, l&#8217;attivista curdo iraniana detenuta nel carcere di Castrovillari con l&#8217;accusa di essere una scafista. E&#8217; per questo che il consigliere regionale Ferdinando Laghi, \u00e8 tornato a farle visita, sia per valutare le condizioni di salute, dopo averla trovata assai provata la scorsa volta, in occasione dello [&hellip;]<\/p>\n","protected":false},"author":42,"featured_media":232663,"comment_status":"closed","ping_status":"closed","sticky":false,"template":"","format":"standard","meta":{"_acf_changed":false,"footnotes":"","jetpack_publicize_message":"","jetpack_publicize_feature_enabled":true,"jetpack_social_post_already_shared":false,"jetpack_social_options":{"image_generator_settings":{"template":"highway","default_image_id":0,"font":"","enabled":false},"version":2}},"categories":[28],"tags":[19],"class_list":["post-232662","post","type-post","status-publish","format-standard","has-post-thumbnail","hentry","category-provincia","tag-copertina"],"acf":[],"jetpack_publicize_connections":[],"_links":{"self":[{"href":"https:\/\/quicosenza.it\/news\/wp-json\/wp\/v2\/posts\/232662","targetHints":{"allow":["GET"]}}],"collection":[{"href":"https:\/\/quicosenza.it\/news\/wp-json\/wp\/v2\/posts"}],"about":[{"href":"https:\/\/quicosenza.it\/news\/wp-json\/wp\/v2\/types\/post"}],"author":[{"embeddable":true,"href":"https:\/\/quicosenza.it\/news\/wp-json\/wp\/v2\/users\/42"}],"replies":[{"embeddable":true,"href":"https:\/\/quicosenza.it\/news\/wp-json\/wp\/v2\/comments?post=232662"}],"version-history":[{"count":0,"href":"https:\/\/quicosenza.it\/news\/wp-json\/wp\/v2\/posts\/232662\/revisions"}],"wp:featuredmedia":[{"embeddable":true,"href":"https:\/\/quicosenza.it\/news\/wp-json\/wp\/v2\/media\/232663"}],"wp:attachment":[{"href":"https:\/\/quicosenza.it\/news\/wp-json\/wp\/v2\/media?parent=232662"}],"wp:term":[{"taxonomy":"category","embeddable":true,"href":"https:\/\/quicosenza.it\/news\/wp-json\/wp\/v2\/categories?post=232662"},{"taxonomy":"post_tag","embeddable":true,"href":"https:\/\/quicosenza.it\/news\/wp-json\/wp\/v2\/tags?post=232662"}],"curies":[{"name":"wp","href":"https:\/\/api.w.org\/{rel}","templated":true}]}}