{"id":232869,"date":"2024-06-18T10:02:03","date_gmt":"2024-06-18T08:02:03","guid":{"rendered":"https:\/\/www.quicosenza.it\/news\/?p=232869"},"modified":"2024-06-18T10:02:03","modified_gmt":"2024-06-18T08:02:03","slug":"luciano-falcone-morto-in-sella-alla-sua-moto-sulla2-a-bisignano-e-il-giorno-del-dolore","status":"publish","type":"post","link":"https:\/\/quicosenza.it\/news\/luciano-falcone-morto-in-sella-alla-sua-moto-sulla2-a-bisignano-e-il-giorno-del-dolore\/","title":{"rendered":"Luciano Falcone, morto in sella alla sua moto sull&#8217;A2: a Bisignano \u00e8 il giorno del dolore"},"content":{"rendered":"<p>COSENZA &#8211; Oggi \u00e8 il giorno del dolore per la comunit\u00e0 di <strong>Bisignano<\/strong> che si stringe attorno al dolore della famiglia di <strong>Luciano Falcone<\/strong>, <strong><a href=\"https:\/\/quicosenza.it\/news\/provincia\/tragico-incidente-sulla2-a-tarsia-muore-motociclista-40enne-originario-di-bisignano\" target=\"_blank\" rel=\"noopener\">il 40enne morto in un incidente<\/a><\/strong> <strong>in moto sull&#8217;A2 Autostrada del Mediterraneo tra gli svincoli di Torano e Tarsia Nord <\/strong>sabato scorso. Oggi pomeriggio, 18 giugno, alle ore 18.00 si terranno si terranno i <strong>funerali<\/strong> nel Santuario di Sant&#8217;Umile di Bisignano.<\/p>\n<p><img loading=\"lazy\" decoding=\"async\" class=\"alignnone wp-image-232873 \" src=\"https:\/\/quicosenza.it\/news\/wp-content\/uploads\/2024\/06\/448262074_1139688974002481_5964972570578393506_n.jpg\" alt=\"Funerali Luciano Falcone\" width=\"581\" height=\"396\" title=\"\" srcset=\"https:\/\/quicosenza.it\/news\/wp-content\/uploads\/2024\/06\/448262074_1139688974002481_5964972570578393506_n.jpg 1080w, https:\/\/quicosenza.it\/news\/wp-content\/uploads\/2024\/06\/448262074_1139688974002481_5964972570578393506_n-300x204.jpg 300w, https:\/\/quicosenza.it\/news\/wp-content\/uploads\/2024\/06\/448262074_1139688974002481_5964972570578393506_n-1024x698.jpg 1024w, https:\/\/quicosenza.it\/news\/wp-content\/uploads\/2024\/06\/448262074_1139688974002481_5964972570578393506_n-768x523.jpg 768w, https:\/\/quicosenza.it\/news\/wp-content\/uploads\/2024\/06\/448262074_1139688974002481_5964972570578393506_n-616x420.jpg 616w, https:\/\/quicosenza.it\/news\/wp-content\/uploads\/2024\/06\/448262074_1139688974002481_5964972570578393506_n-150x102.jpg 150w, https:\/\/quicosenza.it\/news\/wp-content\/uploads\/2024\/06\/448262074_1139688974002481_5964972570578393506_n-218x150.jpg 218w, https:\/\/quicosenza.it\/news\/wp-content\/uploads\/2024\/06\/448262074_1139688974002481_5964972570578393506_n-696x474.jpg 696w, https:\/\/quicosenza.it\/news\/wp-content\/uploads\/2024\/06\/448262074_1139688974002481_5964972570578393506_n-1068x728.jpg 1068w\" sizes=\"auto, (max-width: 581px) 100vw, 581px\" \/><\/p>\n<p>Luciano aveva una <strong>grande passione per le moto<\/strong> e lavorava come<strong> infermiere<\/strong> nel reparto di Cardiologia dell&#8217;ospedale San Giovanni di Dio a Lamezia Terme. Conosciuto e apprezzato da tutti, lascia un vuoto incolmabile tra parenti, colleghi e amici. Anche la <strong>\u201cMontalto Soccorso\u201d,<\/strong> per cui aveva svolto il ruolo di soccorritore, lo ricorda con rammarico. &#8220;Siamo estremamente sconvolti e distrutti da questa improvvisa e tragica morte. Un amico, un nostro soccorritore, un ragazzo buono e generoso oggi ci ha lasciati. Rester\u00e0 sempre vivo il tuo ricordo in noi che abbiamo avuto l\u2019onore di conoscerti e di passare del prezioso tempo insieme a te! Fai buon viaggio Luciano&#8221;.<\/p>\n<div dir=\"auto\">&#8220;La notizia della sua morte ha fatto subito il giro dei social e tanti sono gi\u00e0 i messaggi di cordoglio per lui. Sono le testimonianze di tutti coloro che lo hanno conosciuto e voluto bene, che ne hanno apprezzato le qualit\u00e0 umane, che lo hanno stimato e rispettato per il suo impegno e la sua dedizione sia da volontario che in campo lavorativo&#8221;, scrive <strong>il sindaco di Bisignano Francesco Fucile.\u00a0 &#8220;<\/strong>E poi c\u2019\u00e8 un\u2019intera comunit\u00e0 che partecipa attonita di fronte a tanto dolore, perch\u00e9 la morte di un giovane colpisce tutta la comunit\u00e0. Ancora una volta, ognuno di noi \u00e8 stato toccato nell\u2019affetto, <strong>nel senso di impotenza, nel dolore<\/strong> in quanto umani in grado di entrare in sintonia con il dolore altrui, dei suoi cari, perch\u00e9 <strong>il lutto per un giovane figlio non finisce mai,<\/strong> si pu\u00f2 solo imparare a sopportarlo.<\/div>\n<div dir=\"auto\"><\/div>\n<div dir=\"auto\">Purtroppo, in questi ultimi due anni, &#8211; precisa Fucile &#8211; sono troppi i figli della nostra Bisignano che per una <strong>tragica fatalit\u00e0<\/strong> o per una grave malattia hanno perso la vita. \u00c8 proprio vero, una vita che si spegne troppo presto toglie un po\u2019 di futuro e di speranza a tutti. Come credente mi rivolgo, con tutto il mio cuore, con tutta la mia anima e con la mia mente, ai nostri santi protettori. O Sant\u2019Umile e San Francesco di Paola! Custodite sotto la vostra protezione i giovani di questa comunit\u00e0, perch\u00e9 prendano in mano la loro vita, realizzino con gioia e in salute le loro speranze di una vita felice. Ascoltate la mia supplica! Intercedete per loro presso Ges\u00f9, affinch\u00e9 tragedie simili non si verifichino pi\u00f9. Mai pi\u00f9!&#8221;.<\/div>\n<p>&nbsp;<\/p>\n<p>&nbsp;<\/p>\n","protected":false},"excerpt":{"rendered":"<p>COSENZA &#8211; Oggi \u00e8 il giorno del dolore per la comunit\u00e0 di Bisignano che si stringe attorno al dolore della famiglia di Luciano Falcone, il 40enne morto in un incidente in moto sull&#8217;A2 Autostrada del Mediterraneo tra gli svincoli di Torano e Tarsia Nord sabato scorso. Oggi pomeriggio, 18 giugno, alle ore 18.00 si terranno [&hellip;]<\/p>\n","protected":false},"author":58,"featured_media":232877,"comment_status":"closed","ping_status":"closed","sticky":false,"template":"","format":"standard","meta":{"_acf_changed":false,"footnotes":"","jetpack_publicize_message":"","jetpack_publicize_feature_enabled":true,"jetpack_social_post_already_shared":false,"jetpack_social_options":{"image_generator_settings":{"template":"highway","default_image_id":0,"font":"","enabled":false},"version":2}},"categories":[28],"tags":[19],"class_list":["post-232869","post","type-post","status-publish","format-standard","has-post-thumbnail","hentry","category-provincia","tag-copertina"],"acf":[],"jetpack_publicize_connections":[],"_links":{"self":[{"href":"https:\/\/quicosenza.it\/news\/wp-json\/wp\/v2\/posts\/232869","targetHints":{"allow":["GET"]}}],"collection":[{"href":"https:\/\/quicosenza.it\/news\/wp-json\/wp\/v2\/posts"}],"about":[{"href":"https:\/\/quicosenza.it\/news\/wp-json\/wp\/v2\/types\/post"}],"author":[{"embeddable":true,"href":"https:\/\/quicosenza.it\/news\/wp-json\/wp\/v2\/users\/58"}],"replies":[{"embeddable":true,"href":"https:\/\/quicosenza.it\/news\/wp-json\/wp\/v2\/comments?post=232869"}],"version-history":[{"count":0,"href":"https:\/\/quicosenza.it\/news\/wp-json\/wp\/v2\/posts\/232869\/revisions"}],"wp:featuredmedia":[{"embeddable":true,"href":"https:\/\/quicosenza.it\/news\/wp-json\/wp\/v2\/media\/232877"}],"wp:attachment":[{"href":"https:\/\/quicosenza.it\/news\/wp-json\/wp\/v2\/media?parent=232869"}],"wp:term":[{"taxonomy":"category","embeddable":true,"href":"https:\/\/quicosenza.it\/news\/wp-json\/wp\/v2\/categories?post=232869"},{"taxonomy":"post_tag","embeddable":true,"href":"https:\/\/quicosenza.it\/news\/wp-json\/wp\/v2\/tags?post=232869"}],"curies":[{"name":"wp","href":"https:\/\/api.w.org\/{rel}","templated":true}]}}