{"id":235708,"date":"2024-07-22T13:00:31","date_gmt":"2024-07-22T11:00:31","guid":{"rendered":"https:\/\/www.quicosenza.it\/news\/?p=235708"},"modified":"2025-07-15T11:11:26","modified_gmt":"2025-07-15T09:11:26","slug":"loro-blu-di-fuscaldo-alici-tradizione-e-innovazione-2-0-festival-delle-alici-del-tirreno-cosentino-2024-programma","status":"publish","type":"post","link":"https:\/\/quicosenza.it\/news\/loro-blu-di-fuscaldo-alici-tradizione-e-innovazione-2-0-festival-delle-alici-del-tirreno-cosentino-2024-programma\/","title":{"rendered":"L&#8217;oro blu di Fuscaldo: alici, tradizione e innovazione 2.0: \u201cFestival delle Alici del Tirreno cosentino\u201d 2024 &#8211; PROGRAMMA"},"content":{"rendered":"<p>FUSCALDO (CS) \u2013<strong> Dal 1 al 4 agosto torna il \u201cFestival delle Alici del Tirreno cosentino\u201c<\/strong>, l\u2019imperdibile appuntamento dell\u2019estate dedicato al mare, che si terr\u00e0 come di consueto a Fuscaldo. <strong>Sospesi tra sogno e realt\u00e0,\u00a0 tradizione e innovazione 2.0: questo \u00e8 il tema della dodicesima edizione del <a href=\"https:\/\/www.ilfestivaldellealici.it\/\" rel=\"noopener\">Festival<\/a> della Alici del Tirreno Cosentino <\/strong>pronto ad accogliere nuovamente migliaia di visitatori e turisti.<\/p>\n<h3>Festival delle Alici del Tirreno cosentino 2024<\/h3>\n<p>Questa mattina si \u00e8 tenuta l<strong>a Conferenza stampa si presentazione alla Cittadella Regionale<\/strong> alla presenza dell&#8217;assessore all\u2019agricoltura della Regione Calabria, Gianluca Gallo con il Comune e il sindaco di Fuscaldo, Giacomo Middea. Lo chef Enzo Barbieri e il direttore artistico del Festival Antonio Spaccarotella. Un\u2019edizione, la terza dell&#8217;amministrazione Middea, con tante novit\u00e0, soprattutto sotto l\u2019aspetto della gastronomia e della multimedialit\u00e0. Correlate al Festival, inoltre,<strong> altri appuntamenti come il concorso fotografico \u201cI pescatori di stelle\u201d<\/strong>, organizzato dall\u2019associazione Pro Fuscaldo, e <strong>una lotteria possibile grazie a sponsor locali<\/strong> e ideata nell\u2019ottica di investimento dei proventi sul territorio.<\/p>\n<p><a href=\"https:\/\/quicosenza.it\/news\/wp-content\/uploads\/2024\/07\/Fesitival-Delle-Alici-2024_conferenza-stampa.jpg\"><img loading=\"lazy\" decoding=\"async\" class=\"wp-image-235749 aligncenter\" src=\"https:\/\/quicosenza.it\/news\/wp-content\/uploads\/2024\/07\/Fesitival-Delle-Alici-2024_conferenza-stampa.jpg\" alt=\"Festival Delle Alici 2024_conferenza stampa\" width=\"562\" height=\"352\" title=\"\" srcset=\"https:\/\/quicosenza.it\/news\/wp-content\/uploads\/2024\/07\/Fesitival-Delle-Alici-2024_conferenza-stampa.jpg 970w, https:\/\/quicosenza.it\/news\/wp-content\/uploads\/2024\/07\/Fesitival-Delle-Alici-2024_conferenza-stampa-300x188.jpg 300w, https:\/\/quicosenza.it\/news\/wp-content\/uploads\/2024\/07\/Fesitival-Delle-Alici-2024_conferenza-stampa-768x481.jpg 768w, https:\/\/quicosenza.it\/news\/wp-content\/uploads\/2024\/07\/Fesitival-Delle-Alici-2024_conferenza-stampa-670x420.jpg 670w, https:\/\/quicosenza.it\/news\/wp-content\/uploads\/2024\/07\/Fesitival-Delle-Alici-2024_conferenza-stampa-150x94.jpg 150w, https:\/\/quicosenza.it\/news\/wp-content\/uploads\/2024\/07\/Fesitival-Delle-Alici-2024_conferenza-stampa-696x436.jpg 696w\" sizes=\"auto, (max-width: 562px) 100vw, 562px\" \/><\/a><\/p>\n<h3>Middea: &#8220;sar\u00e0 un festival 2.0: tradizione e innovazione&#8221;<\/h3>\n<p>Il sindaco di Fuscaldo ha spiegato come <strong>anno dopo anno il\u00a0<a href=\"https:\/\/quicosenza.it\/news\/tirreno\/festival-delle-alici-del-tirreno-cosentino-inizio-da-record-in-migliaia-a-fuscaldo-alla-prima-serata\" target=\"_blank\" rel=\"noopener\"> Festival<\/a> delle Alici del Tirreno cosentino raccolga sempre pi\u00f9 consensi<\/strong> e, oltre ad essere diventato un appuntamento atteso e importantissimo dell&#8217;Estate, <strong>presenza sempre innovazioni e novit\u00e0 allargando le sue maglie ai comuni del territorio e non solo<\/strong>.\u00a0&#8220;Quest&#8217;anno sar\u00e0 un Festival 2.0 &#8211; ha detto il primo cittadino &#8211; perch\u00e9 <strong>cercheremo di coniugare la tradizione con l&#8217;innovazione<\/strong>. La tradizione sono le alici, che sono il prodotto tipico della nostra terra che rappresenta Fuscaldo e tutti i Comuni del comprensorio che si affacciano sul Tirreno. Non a caso <strong>questa manifestazione \u00e8 stata allargata a tutti i comuni del comprensorio<\/strong>. L&#8217;obiettivo principale \u00e8 quello di fare rete, perch\u00e8 sono sicuro che uniti possiamo fare strada. E sono contento che moltissimi Comuni hanno aderito a questa scelta e i frutti di questo agire comune iniziano a vedersi&#8221;.<\/p>\n<p><a href=\"https:\/\/quicosenza.it\/news\/wp-content\/uploads\/2024\/07\/Middea-Sindaco-Fuscaldo.jpg\"><img loading=\"lazy\" decoding=\"async\" class=\"wp-image-235721 aligncenter\" src=\"https:\/\/quicosenza.it\/news\/wp-content\/uploads\/2024\/07\/Middea-Sindaco-Fuscaldo.jpg\" alt=\"Middea Sindaco Fuscaldo\" width=\"582\" height=\"381\" title=\"\" srcset=\"https:\/\/quicosenza.it\/news\/wp-content\/uploads\/2024\/07\/Middea-Sindaco-Fuscaldo.jpg 970w, https:\/\/quicosenza.it\/news\/wp-content\/uploads\/2024\/07\/Middea-Sindaco-Fuscaldo-300x197.jpg 300w, https:\/\/quicosenza.it\/news\/wp-content\/uploads\/2024\/07\/Middea-Sindaco-Fuscaldo-768x504.jpg 768w, https:\/\/quicosenza.it\/news\/wp-content\/uploads\/2024\/07\/Middea-Sindaco-Fuscaldo-641x420.jpg 641w, https:\/\/quicosenza.it\/news\/wp-content\/uploads\/2024\/07\/Middea-Sindaco-Fuscaldo-150x98.jpg 150w, https:\/\/quicosenza.it\/news\/wp-content\/uploads\/2024\/07\/Middea-Sindaco-Fuscaldo-696x456.jpg 696w, https:\/\/quicosenza.it\/news\/wp-content\/uploads\/2024\/07\/Middea-Sindaco-Fuscaldo-741x486.jpg 741w\" sizes=\"auto, (max-width: 582px) 100vw, 582px\" \/><\/a><\/p>\n<h3>&#8220;Alici in tavola l&#8217;oro di Fuscaldo&#8221; e la mostra multimediale<\/h3>\n<p>&#8220;<strong>Le nostre alici saranno le protagonisti di questa manifestazione<\/strong> e proprio per esaltare il loro gusto, in questa rassegna presenteremo un libro &#8220;<strong>Alici in tavola l&#8217;oro di Fuscaldo&#8221; con le ricette dello Chef Mimmo Rosselli e alle foto della giovane fuscaldese Ilenia Stavole editato da Luigi Politano<\/strong>. Un libro caratterizzato dalla realt\u00e0 aumentata che grazie ad un&#8217;apposta appa sar\u00e0 possibile vedere immagini animate con scorci di storia del Comune di Fuscaldo. E non sar\u00e0 l&#8217;unisco aspetto avanzato e multimediale di questa edizione. <strong>Metteremo in campo, sempre con l&#8217;editore del libro, una mostra interattiva e ispirata alla realt\u00e0 aumentata con ologrammi<\/strong> che mostreranno pescatori intenti a pescare il nostro oro e racconteranno storie della marineria&#8221;.<\/p>\n<p><strong>&#8220;Ci sar\u00e0 anche quest&#8217;anno la sala &#8216;Sea Experience<\/strong>&#8216;, la stanza immersiva con<strong> effetti speciali che la renderanno pi\u00f9 caratteristica un viaggio multimediale nella storia della marineria<\/strong> con i pescatori di Stelle che lo scorso anno ha avuto un successo incredibile. Avremo poi una <strong>&#8216;Luminaria interattiva&#8217; innovativa in anteprima nazionale<\/strong>. Una luminaria che richiamer\u00e0 il simbolo del Festival e sar\u00e0 collegata ad una bici: pedalando la luminaria prender\u00e0 vita. Quest&#8217;anno il Festival delle Alici <strong>si gemella con una citt\u00e0 del Giappone<\/strong> grazie all&#8217;idea dello<strong> Chef Barbieri<\/strong>. KAN- ONJI nell&#8217;Isola di IBUKI e conosciuta in Giappone proprio isola per la pesca delle alici&#8221;.\u00a0Il sindaco ha quindi ringraziato tutti i partner e i componenti della macchina organizzativa del Festival e il direttore artistico, Antonio Spaccarotella. <strong>Ha anche ricordato come da questo Festival sia nata l\u2019idea imprenditoriale: la prima azienda che vende e promuove le alici di Fuscaldo<\/strong>.<\/p>\n<p>&nbsp;<\/p>\n<p><a href=\"https:\/\/quicosenza.it\/news\/wp-content\/uploads\/2024\/07\/Gianluca-Gallo.jpg\"><img loading=\"lazy\" decoding=\"async\" class=\"wp-image-235727 aligncenter\" src=\"https:\/\/quicosenza.it\/news\/wp-content\/uploads\/2024\/07\/Gianluca-Gallo.jpg\" alt=\"Gianluca Gallo\" width=\"521\" height=\"326\" title=\"\" srcset=\"https:\/\/quicosenza.it\/news\/wp-content\/uploads\/2024\/07\/Gianluca-Gallo.jpg 970w, https:\/\/quicosenza.it\/news\/wp-content\/uploads\/2024\/07\/Gianluca-Gallo-300x188.jpg 300w, https:\/\/quicosenza.it\/news\/wp-content\/uploads\/2024\/07\/Gianluca-Gallo-768x481.jpg 768w, https:\/\/quicosenza.it\/news\/wp-content\/uploads\/2024\/07\/Gianluca-Gallo-670x420.jpg 670w, https:\/\/quicosenza.it\/news\/wp-content\/uploads\/2024\/07\/Gianluca-Gallo-150x94.jpg 150w, https:\/\/quicosenza.it\/news\/wp-content\/uploads\/2024\/07\/Gianluca-Gallo-696x436.jpg 696w\" sizes=\"auto, (max-width: 521px) 100vw, 521px\" \/><\/a><\/p>\n<h3>Gallo &#8220;qualit\u00e0 e promozione di prodotti unici e identitari&#8221;<\/h3>\n<p>L&#8217;assessore Gallo ha dato merito al Sindaco di Fuscaldo per questa manifestazione &#8220;che \u00e8 diventata oramai extraregionale e<strong> si sposa con le pi\u00f9 importanti manifestazioni enogastronomiche della Calabria<\/strong> che sono marcatori identitari. C&#8217;\u00e8 una crescita in questo settore e i dati ci dicono che per<strong> il decimo trimestre consecutivo siamo cresciuti nell&#8217;export.<\/strong> E chi ha trascinato questi numeri \u00e8 il settore agricolo ed enogastronomico&#8221;.<\/p>\n<p><a href=\"https:\/\/quicosenza.it\/news\/wp-content\/uploads\/2023\/02\/alici-in-festival.jpg\"><img loading=\"lazy\" decoding=\"async\" class=\"wp-image-191860 aligncenter\" src=\"https:\/\/quicosenza.it\/news\/wp-content\/uploads\/2023\/02\/alici-in-festival.jpg\" alt=\"\" width=\"531\" height=\"329\" title=\"\" srcset=\"https:\/\/quicosenza.it\/news\/wp-content\/uploads\/2023\/02\/alici-in-festival.jpg 970w, https:\/\/quicosenza.it\/news\/wp-content\/uploads\/2023\/02\/alici-in-festival-300x186.jpg 300w, https:\/\/quicosenza.it\/news\/wp-content\/uploads\/2023\/02\/alici-in-festival-768x475.jpg 768w, https:\/\/quicosenza.it\/news\/wp-content\/uploads\/2023\/02\/alici-in-festival-150x93.jpg 150w, https:\/\/quicosenza.it\/news\/wp-content\/uploads\/2023\/02\/alici-in-festival-696x431.jpg 696w, https:\/\/quicosenza.it\/news\/wp-content\/uploads\/2023\/02\/alici-in-festival-679x420.jpg 679w, https:\/\/quicosenza.it\/news\/wp-content\/uploads\/2023\/02\/alici-in-festival-356x220.jpg 356w\" sizes=\"auto, (max-width: 531px) 100vw, 531px\" \/><\/a><\/p>\n<p>&#8220;Manifestazioni, con una valenza strettamente territoriale e come \u00e8 il Festival delle Alici di Fuscaldo, &#8211; ha spiegato Gallo &#8211; <strong>ha risvegliato un punto di forza come la produzione di prodotto enogastronomici che forse abbiamo sottovalutato<\/strong>. Oggi c&#8217;\u00e8 una grande attenzione e maturit\u00e0 rispetto al passato. L&#8217;azione che a me interessa di pi\u00f9 \u00e8 quella di avere qualit\u00e0 anche nell&#8217;ambito della promozione.<strong> Dobbiamo promuovere i prodotti che sappiano generare reddito, lavoro ed export<\/strong>. Le decine di migliaia di persone che partecipano a questi eventi, devono avere consapevolezza che questo pu\u00f2 essere un modo per rimanere in Calabria. <strong>Che questi prodotti che non hanno eguali e non hanno pari possano essere una condizioni per rimanere in Calabria da esporre quasi come un vessillo<\/strong>. Oggi c&#8217;\u00e8 un rinnovamento generazionale, c&#8217;\u00e8 anche la consapevolezza delle Amministrazioni comunali che hanno inventiva, sanno legare il prodotto del loro territorio alla vetrina e all&#8217;esposizione proprio del loro territorio&#8221;.<\/p>\n<p><a href=\"https:\/\/quicosenza.it\/news\/wp-content\/uploads\/2024\/07\/festival-copertina.jpg\"><img loading=\"lazy\" decoding=\"async\" class=\"alignnone size-full wp-image-235723\" src=\"https:\/\/quicosenza.it\/news\/wp-content\/uploads\/2024\/07\/festival-copertina.jpg\" alt=\"festival copertina\" width=\"820\" height=\"360\" title=\"\" srcset=\"https:\/\/quicosenza.it\/news\/wp-content\/uploads\/2024\/07\/festival-copertina.jpg 820w, https:\/\/quicosenza.it\/news\/wp-content\/uploads\/2024\/07\/festival-copertina-300x132.jpg 300w, https:\/\/quicosenza.it\/news\/wp-content\/uploads\/2024\/07\/festival-copertina-768x337.jpg 768w, https:\/\/quicosenza.it\/news\/wp-content\/uploads\/2024\/07\/festival-copertina-150x66.jpg 150w, https:\/\/quicosenza.it\/news\/wp-content\/uploads\/2024\/07\/festival-copertina-696x306.jpg 696w\" sizes=\"auto, (max-width: 820px) 100vw, 820px\" \/><\/a><\/p>\n<h3><span style=\"color: #0000ff;\">Festival delle Alici del Tirreno cosentino: Il programma dei 4 giorni<\/span><\/h3>\n<p>Festival delle Alici del Tirreno cosentino \u00e8 un viaggio alla scoperta del<strong> patrimonio artistico, gastronomico e culturale del mare navigando in modalit\u00e0 2.0<\/strong>. Tutta la magia di s<strong>apori multimediali, mostre interattive e luminarie, ma anche musica, degustazioni, spettacoli piromusicali, e l\u2019inaugurazione del Fuscaldo Sea Experience.<\/strong> A raccontare il festival\u00a0 tutte le sere in diretta live <a href=\"http:\/\/www.rlb.it\" rel=\"noopener\">Rlb radio<\/a> ufficiale dell&#8217;evento.<\/p>\n<h3><strong><span style=\"color: #ff0000;\">Gioved\u00ec 1 agosto 2024<\/span><\/strong><\/h3>\n<p><strong>ORE 20:00<\/strong><br \/>\n<strong>RADUNO DELLE ISTITUZIONI<\/strong><br \/>\nDelegazione Municipale Fuscaldo Marina<br \/>\nTaglio del nastro<br \/>\nSaluti delle autorit\u00e0<br \/>\nPresentazione degli sponsor<\/p>\n<p><strong>PRESENTAZIONI DEL LIBRO<\/strong><br \/>\n<strong>\u201cAlici in tavola \u2013 L\u2019oro di Fuscaldo\u201d<\/strong><br \/>\nLe ricette contenute nel libro sono state curate dallo<strong> Chef (fuscaldese) Mimmo Rosselli<\/strong> e realizzate all\u2019interno della <strong>\u201cIngrediente school\u201d<\/strong>, la scuola di cucina fondata a Fuscaldo dallo stesso chef. Non \u00e8 solo un libro di ricette, ma \u00e8 un libro che racconta Fuscaldo, scritto da Fuscaldesi ed edito dalla <strong>Round Robin editrice, di Luigi Politano, anche lui fuscaldese<\/strong>, \u00e8 soprattutto un libro che contiene degli inserti multimediali. Infatti, scaricando un\u2019app ed inquadrando alcune pagine del libro queste prendono vita e trascinano il lettore\/spettatore in un vero e proprio viaggio multimediale. <strong>Al libro \u00e8 collegata la mostra multimediale interattiva allestita in Piazza Marconi<\/strong>. Un vero e proprio viaggio immersivo, che tramite immagini multimediali ed ologrammi appositamente creati far\u00e0 scoprire allo spettatore la marineria pi\u00f9 autentica di Fuscaldo.<\/p>\n<p><strong>PARATA DELLE ISTITUZIONI<\/strong> per le vie del borgo unitamente alla Banda S. Giacomo M.A.<\/p>\n<p>A seguire<br \/>\n<strong>INAUGURAZIONE \u201cSALTA IN SELLA\u201d<\/strong><br \/>\n<strong>LUMINARIA GIGANTE<\/strong> che si accende pedalando, nell\u2019ottica di sensibilizzare alla sostenibilit\u00e0 questa luminaria artistica appositamente creata da \u201cPuglia Luminaria\u201d \u00e8 direttamente collegata ad una bicicletta sulla quale ciascun passante potr\u00e0 salire per pedalare ed illuminare il Festival.<\/p>\n<p><strong>INAUGURAZIONE FUSCALDO SEA EXPERIENCE<\/strong><br \/>\n(Sala multimediale immersiva che racconta i pescatori di Fuscaldo e la pesca delle alici)<br \/>\nPROIEZIONE su Palazzo Scirchio VIDEOMAPPING \u201cI PESCATORI DI STELLE\u201d ogni sera dalle 22 alle 24 ogni ora<br \/>\nAltre attrattive<br \/>\n<strong>Parata \u201cAlice in wonderland\u201d a cura di Prestige Eventi<\/strong><br \/>\n<strong>L\u2019uomo Orchestra<\/strong><br \/>\n<strong>\u201cVinni ma cantu\u201d \u2013 cantastorie<\/strong><br \/>\n<strong>Duo Paleopolis<\/strong><br \/>\n<strong>Spettacolo di fuoco<\/strong><br \/>\n<strong>Photobooth<\/strong><\/p>\n<h3><span style=\"color: #ff0000;\"><strong>Venerd\u00ec 2 agosto 2024<\/strong><\/span><\/h3>\n<p>Dalle 21:00<br \/>\n<strong>Mostra interattiva- \u201cAlici in tavola \u2013 l\u2019oro di Fuscaldo\u201d<\/strong><br \/>\n<strong>Fuscaldo Sea Experience<br \/>\n<\/strong>Ore 22<br \/>\n<strong>Show cocktail Steven<br \/>\n<\/strong>A seguire<br \/>\n<strong>PIAZZA MARCONI<\/strong><br \/>\n<strong>TAVOLI TEMATICI<\/strong> a cura di Galpa<\/p>\n<p>Altre attrattive<br \/>\n<strong>Parata \u201cAlice in wonderland\u201d a cura di Prestige Eventi<\/strong><br \/>\n<strong>L\u2019uomo Orchestra<\/strong><br \/>\n<strong>Duo Paleopolis<\/strong><br \/>\n<strong>Ottopi\u00f9 street band<\/strong><br \/>\n<strong>Photobooth<\/strong><\/p>\n<h3><strong><span style=\"color: #ff0000;\">Sabato 3 agosto <\/span><\/strong><span style=\"color: #ff0000;\"><strong>2024<\/strong><\/span><\/h3>\n<p>Dalle 21:00<br \/>\n<strong>Mostra interattiva- \u201cAlici in tavola \u2013 l\u2019oro di Fuscaldo\u201d<\/strong><br \/>\n<strong>Fuscaldo Sea Experience<\/strong><\/p>\n<p>Ore 22<br \/>\n<strong>Gemellaggio con KAN- ONJI (IBUKI ISLAND)<\/strong><br \/>\n<strong>Isola giapponse nota per la pesca delle alici<\/strong><br \/>\nShow cooking a cura di Chef Enzo Barbieri<br \/>\nA seguire<br \/>\nPIAZZA MARCONI<br \/>\nTAVOLI TEMATICI a cura di Galpa<\/p>\n<p>Altre attrattive<br \/>\n<strong>Parata \u201cNote in rosa\u201d a cura di Prestige Eventi<\/strong><br \/>\n<strong>L\u2019uomo Orchestra<\/strong><br \/>\n<strong>\u201cVinni ma cantu\u201d &#8211; cantastorie<\/strong><br \/>\n<strong>Duo Paleopolis<\/strong><br \/>\n<strong>Wizdrum band<\/strong><br \/>\n<strong>Gli sbandieratori di Bisignano<\/strong><br \/>\n<strong>Photobooth<\/strong><\/p>\n<h3><strong><span style=\"color: #ff0000;\">Domenica 4 agosto <\/span><\/strong><span style=\"color: #ff0000;\"><strong>2024<\/strong><\/span><\/h3>\n<p>Dalle 21:00<br \/>\n<strong>Mostra interattiva- \u201cAlici in tavola \u2013 l\u2019oro di Fuscaldo\u201d<\/strong><br \/>\n<strong>Fuscaldo Sea Experience<\/strong><\/p>\n<p>Ore 22:00<br \/>\n<strong>PIAZZA MARCONI<\/strong><br \/>\n<strong>TAVOLI TEMATICI a cura di Galpa<\/strong><\/p>\n<p>Altre attrattive<br \/>\n<strong>Parata \u201cNote in rosa\u201d a cura di Prestige Eventi<\/strong><br \/>\n<strong>L\u2019uomo Orchestra<\/strong><br \/>\n<strong>Duo Paleopolis<\/strong><br \/>\n<strong>I Giganti<\/strong><br \/>\n<strong>Gli sbandieratori di Bisignano<\/strong><br \/>\n<strong>Photobooth<\/strong><\/p>\n","protected":false},"excerpt":{"rendered":"<p>FUSCALDO (CS) \u2013 Dal 1 al 4 agosto torna il \u201cFestival delle Alici del Tirreno cosentino\u201c, l\u2019imperdibile appuntamento dell\u2019estate dedicato al mare, che si terr\u00e0 come di consueto a Fuscaldo. Sospesi tra sogno e realt\u00e0,\u00a0 tradizione e innovazione 2.0: questo \u00e8 il tema della dodicesima edizione del Festival della Alici del Tirreno Cosentino pronto ad [&hellip;]<\/p>\n","protected":false},"author":23,"featured_media":235716,"comment_status":"closed","ping_status":"closed","sticky":false,"template":"","format":"standard","meta":{"_acf_changed":false,"footnotes":"","jetpack_publicize_message":"","jetpack_publicize_feature_enabled":true,"jetpack_social_post_already_shared":false,"jetpack_social_options":{"image_generator_settings":{"template":"highway","default_image_id":0,"font":"","enabled":false},"version":2}},"categories":[576],"tags":[19],"class_list":["post-235708","post","type-post","status-publish","format-standard","has-post-thumbnail","hentry","category-tirreno","tag-copertina"],"acf":[],"jetpack_publicize_connections":[],"_links":{"self":[{"href":"https:\/\/quicosenza.it\/news\/wp-json\/wp\/v2\/posts\/235708","targetHints":{"allow":["GET"]}}],"collection":[{"href":"https:\/\/quicosenza.it\/news\/wp-json\/wp\/v2\/posts"}],"about":[{"href":"https:\/\/quicosenza.it\/news\/wp-json\/wp\/v2\/types\/post"}],"author":[{"embeddable":true,"href":"https:\/\/quicosenza.it\/news\/wp-json\/wp\/v2\/users\/23"}],"replies":[{"embeddable":true,"href":"https:\/\/quicosenza.it\/news\/wp-json\/wp\/v2\/comments?post=235708"}],"version-history":[{"count":0,"href":"https:\/\/quicosenza.it\/news\/wp-json\/wp\/v2\/posts\/235708\/revisions"}],"wp:featuredmedia":[{"embeddable":true,"href":"https:\/\/quicosenza.it\/news\/wp-json\/wp\/v2\/media\/235716"}],"wp:attachment":[{"href":"https:\/\/quicosenza.it\/news\/wp-json\/wp\/v2\/media?parent=235708"}],"wp:term":[{"taxonomy":"category","embeddable":true,"href":"https:\/\/quicosenza.it\/news\/wp-json\/wp\/v2\/categories?post=235708"},{"taxonomy":"post_tag","embeddable":true,"href":"https:\/\/quicosenza.it\/news\/wp-json\/wp\/v2\/tags?post=235708"}],"curies":[{"name":"wp","href":"https:\/\/api.w.org\/{rel}","templated":true}]}}