{"id":235928,"date":"2024-07-24T12:00:23","date_gmt":"2024-07-24T10:00:23","guid":{"rendered":"https:\/\/www.quicosenza.it\/news\/?p=235928"},"modified":"2024-07-24T11:46:23","modified_gmt":"2024-07-24T09:46:23","slug":"penna-pistola-sequestrata-a-cetraro-si-indaga-per-scoprirne-la-provenienza","status":"publish","type":"post","link":"https:\/\/quicosenza.it\/news\/penna-pistola-sequestrata-a-cetraro-si-indaga-per-scoprirne-la-provenienza\/","title":{"rendered":"Penna pistola sequestrata a Cetraro, si indaga per scoprirne la provenienza\u00a0"},"content":{"rendered":"<p>CETRARO (CS) &#8211; <strong>Sembra una penna, ma in realt\u00e0 \u00e8 una pistola<\/strong>. Per la prima volta sulla costa tirrenica cosentina, \u00e8 stata sequestrata a <strong>Cetraro il 19 luglio<\/strong> dai carabinieri <a href=\"https:\/\/quicosenza.it\/news\/tirreno\/cetraro-nascondeva-una-pistola-a-forma-di-penna-nel-muro-del-bagno-arrestato-34enne\">un\u2019arma artigianale dal potenziale letale<\/a>. In Calabria sembrerebbe sia gi\u00e0 stata avvistata in passato, mentre pi\u00f9 ritrovamenti sono avvenuti nel Napoletano e in Lombardia. Il monito dell\u2019Arma \u00e8 quello di fare attenzione se si hanno dubbi riguardo a determinati oggetti e di non esitare a chiamare il 112 che interverr\u00e0 per opportune verifiche.<\/p>\n<h4><strong>Cos\u2019\u00e8 l\u2019arma sequestrata a Cetraro<\/strong><\/h4>\n<p>La penna pistola sequestrata al <strong>cetrarese Vincenzo Bufanio<\/strong> \u00e8 un <strong>dispositivo artigianale<\/strong>, <strong>non \u00e8 un prodotto industriale<\/strong>. Molto probabilmente, da quanto trapela da fonti dell\u2019Arma, non \u00e8 stata costruita dal 34enne che la nascondeva in casa. Per realizzarla infatti pare siano necessarie sofisticate conoscenze tecniche. \u00c8 molto simile a una biro in metallo, ha le stesse dimensioni. <strong>La molla nella parte superiore<\/strong>, quella da schiacciare per far uscire la <strong>punta con l\u2019inchiostro e scrivere<\/strong>, <strong>funge da grilletto<\/strong> per far esplodere la cartuccia. Risulta per\u00f2 molto difficile distinguerla da una normale penna se non la si ha in mano. Da lontano \u00e8 impossibile capire che si tratta di una pistola e pu\u00f2 essere quindi trasportata e introdotta in luoghi pubblici con disinvoltura.<\/p>\n<h4><strong>Potenziale offensivo della penna pistola<\/strong><\/h4>\n<p>Celata in un <strong>taschino<\/strong> potrebbe sembrare una penna normale invece \u00e8 un\u2019arma a tutti gli effetti che pu\u00f2 essere camuffata con facilit\u00e0 e passare inosservata. Ovviamente essendo in metallo non passa i controlli ad esempio in aeroporto e viene rilevato dai metal detector. Essendo un <strong>calibro 22<\/strong> ha una <strong>buona capacit\u00e0 offensiva<\/strong>. <strong>Se colpisce organi vitali crea lo stesso danno di un\u2019arma comune da sparo.<\/strong> Una volta che il proiettile esce dalla canna e ferisce una persona entra nel copro e finch\u00e9 non si ferma o fuoriesce continua a rimbalzare tra ossa e muscoli. Paradossalmente queste ferite da pistole di piccolo calibro provocano pi\u00f9 danni rispetto a revolver pi\u00f9 potenti.<\/p>\n<h4><strong>Dove era nascosta la pistola a forma di penna<\/strong><\/h4>\n<p>La pistola a forma di penna, funzionante e pronta all\u2019uso, era stata occultata nel muro del bagno con un proiettile calibro 22. Vincenzo Bufanio, \u00e8 stato inizialmente tradotto presso la casa circondariale di Paola. All\u2019esito dell\u2019udienza di convalida dell\u2019arresto il gip ha disposto una <strong>misura meno restrittiva:<\/strong> il <strong>divieto di dimora nella provincia di Cosenza.<\/strong> Il 34enne ha precedenti di polizia per reati contro la persona e contro il patrimonio. Si tratta di due distinte vicende per le quali non \u00e8 stato ancora giudicato colpevole. La prima riguarda un episodio resistenza a pubblico ufficiale con l\u2019uso di violenza e minacce. Nell\u2019estate del 2023 invece avrebbe danneggiato 3 telecamere del sistema di videosorveglianza del Comune di Cetraro in piazza del Popolo. Verosimilmente la penna pistola sarebbe stata comprata dal 34enne. La Procura di Paola coordina le indagini in corso per risalire al canale attraverso il quale l\u2019arma \u00e8 stata acquistata e trasportata in Calabria.<\/p>\n","protected":false},"excerpt":{"rendered":"<p>CETRARO (CS) &#8211; Sembra una penna, ma in realt\u00e0 \u00e8 una pistola. Per la prima volta sulla costa tirrenica cosentina, \u00e8 stata sequestrata a Cetraro il 19 luglio dai carabinieri un\u2019arma artigianale dal potenziale letale. In Calabria sembrerebbe sia gi\u00e0 stata avvistata in passato, mentre pi\u00f9 ritrovamenti sono avvenuti nel Napoletano e in Lombardia. Il [&hellip;]<\/p>\n","protected":false},"author":18,"featured_media":235926,"comment_status":"closed","ping_status":"closed","sticky":false,"template":"","format":"standard","meta":{"_acf_changed":false,"footnotes":"","jetpack_publicize_message":"","jetpack_publicize_feature_enabled":true,"jetpack_social_post_already_shared":false,"jetpack_social_options":{"image_generator_settings":{"template":"highway","default_image_id":0,"font":"","enabled":false},"version":2}},"categories":[576],"tags":[19],"class_list":["post-235928","post","type-post","status-publish","format-standard","has-post-thumbnail","hentry","category-tirreno","tag-copertina"],"acf":[],"jetpack_publicize_connections":[],"_links":{"self":[{"href":"https:\/\/quicosenza.it\/news\/wp-json\/wp\/v2\/posts\/235928","targetHints":{"allow":["GET"]}}],"collection":[{"href":"https:\/\/quicosenza.it\/news\/wp-json\/wp\/v2\/posts"}],"about":[{"href":"https:\/\/quicosenza.it\/news\/wp-json\/wp\/v2\/types\/post"}],"author":[{"embeddable":true,"href":"https:\/\/quicosenza.it\/news\/wp-json\/wp\/v2\/users\/18"}],"replies":[{"embeddable":true,"href":"https:\/\/quicosenza.it\/news\/wp-json\/wp\/v2\/comments?post=235928"}],"version-history":[{"count":0,"href":"https:\/\/quicosenza.it\/news\/wp-json\/wp\/v2\/posts\/235928\/revisions"}],"wp:featuredmedia":[{"embeddable":true,"href":"https:\/\/quicosenza.it\/news\/wp-json\/wp\/v2\/media\/235926"}],"wp:attachment":[{"href":"https:\/\/quicosenza.it\/news\/wp-json\/wp\/v2\/media?parent=235928"}],"wp:term":[{"taxonomy":"category","embeddable":true,"href":"https:\/\/quicosenza.it\/news\/wp-json\/wp\/v2\/categories?post=235928"},{"taxonomy":"post_tag","embeddable":true,"href":"https:\/\/quicosenza.it\/news\/wp-json\/wp\/v2\/tags?post=235928"}],"curies":[{"name":"wp","href":"https:\/\/api.w.org\/{rel}","templated":true}]}}