{"id":236033,"date":"2024-07-29T17:00:36","date_gmt":"2024-07-29T15:00:36","guid":{"rendered":"https:\/\/www.quicosenza.it\/news\/?p=236033"},"modified":"2024-07-29T10:27:19","modified_gmt":"2024-07-29T08:27:19","slug":"premio-la-pira-citta-di-cassano-al-cardinale-zuppi-al-suo-impegno-per-la-pace","status":"publish","type":"post","link":"https:\/\/quicosenza.it\/news\/premio-la-pira-citta-di-cassano-al-cardinale-zuppi-al-suo-impegno-per-la-pace\/","title":{"rendered":"Premio La Pira citt\u00e0 di Cassano al cardinale Zuppi: &#8220;al suo impegno per la pace&#8221;"},"content":{"rendered":"<p>CASSANO ALLO IONIO (CS) \u00a0&#8211; &#8220;La situazione carceraria in Italia provoca molte domande per tutti. Certamente l&#8217;attenzione che dobbiamo avere per la certezza della pena ma anche le pene alternative<strong> e anche come garantire che il carcere sia per la rieducazione, per la riparazione e che non sia mai soltanto punitiv<\/strong>o. Poi c&#8217;\u00e8 il problema del sovraffollamento che appesantisce le condizioni di vita estremamente difficili e anche di lavoro per la polizia. Speriamo che le decisioni siano nella direzione giusta per allegerire ma anche per una giustizia che guardi sempre la liberazione perch\u00e9 questa \u00e8 la vera sicurezza. La sicurezza \u00e8 sempre quella di aiutare il fine della detenzione che \u00e8 sempre riparativo&#8221;. Lo ha detto il cardinale Matteo Maria Zuppi, arcivescovo metropolita di Bologna e presidente della Conferenza episcopale <strong>italiana,<\/strong> a margine della consegna del premio nazionale &#8220;<strong>Giorgio La Pira &#8211; Citt\u00e0 di Cassano&#8221; avvenuta nella cattedrale di Cassano<\/strong>.<\/p>\n<h3>Zuppi: &#8220;cappa &#8216;ndrangheta dia la forza per contrasto forte&#8221;<\/h3>\n<div id=\"txt_cont\">\u00a0&#8220;La presenza della &#8216;ndrangheta in Calabria \u00e8 una cappa ma pu\u00f2 fornire anche una grande consapevolezza, cio\u00e8 pu\u00f2 dare la forza, l&#8217;energia per dimostrare che la Calabria non \u00e8 la &#8216;ndrangheta. <strong>Ci pu\u00f2 essere tanta reazione, tanta determinazione che la presenza delle mafie sia contrastata, da una reazione forte dello Stato<\/strong> e ovviamente anche dei cittadini. Quindi pesa chiaramente che le mafie sfruttano le difficolt\u00e0, le fragilit\u00e0 del sistema e quindi si impadroniscono di spazi che purtroppo vengono lasciati. Per\u00f2 speriamo che la Calabria dimostri sempre che \u00e8 capace di difendere il diritto e la giustizia&#8221;.<\/div>\n<div>\n<h3>Zuppi, migranti devono essere salvati, ma garantire legalit\u00e0<\/h3>\n<div id=\"txt_cont\">&#8220;Vediamo se ci sar\u00e0 il giudizio. Abbiamo sempre fiducia nella giustizia, altrimenti sono soltanto speculazioni. Certamente dobbiamo tutti sempre fare di tutto perch\u00e9 non si muoia, perch\u00e9 nessuno muoia in mare. Questo non significa, come qualche esemplificazione ancora continua a indicare, che qui \u00e8 la porta e che vengono tutti, no! Vuol dire che si salvino tutti e nessuno deve morire in mare. <strong>Poi c&#8217;\u00e8 tutta la sfida della gestione di un fenomeno cos\u00ec complicato, cos\u00ec epocale come quello dell&#8217;immigrazione che \u00e8 una sfida italiana<\/strong>, ma soprattutto una sfida europea e che richiede di uscire finalmente da una logica emergenziale perch\u00e9 \u00e8 un&#8217;emergenza che dura gi\u00e0 da 40 anni, quindi forse \u00e8 inaccettabile che continuiamo a considerarla emergenziale. Una sfida che sappia affrontarla, garantendo davvero una lotta all&#8217;illegalit\u00e0. Ma per garantire la lotta all&#8217;illegalit\u00e0 bisogna garantire la legalit\u00e0&#8221;. A dirlo il presiente della Cei, cardinale Matteo Zuppi, arcivescovo metropolita di Bologna, rispondendo alle domande dei giornalisti, a Cassano allo Ionio,<strong> sulla tragedia di Steccato di Cutro che provoc\u00f2 la morte di 94 persone &#8211; 35 erano minori &#8211; e sull&#8217;avviso di<\/strong> conclusione indagini notificato a 6 ufficiali, 4 della Guardia di finanza e due della Guardia costiera.<\/div>\n<\/div>\n<div><\/div>\n<div><\/div>\n","protected":false},"excerpt":{"rendered":"<p>CASSANO ALLO IONIO (CS) \u00a0&#8211; &#8220;La situazione carceraria in Italia provoca molte domande per tutti. Certamente l&#8217;attenzione che dobbiamo avere per la certezza della pena ma anche le pene alternative e anche come garantire che il carcere sia per la rieducazione, per la riparazione e che non sia mai soltanto punitivo. Poi c&#8217;\u00e8 il problema [&hellip;]<\/p>\n","protected":false},"author":61,"featured_media":236034,"comment_status":"closed","ping_status":"closed","sticky":false,"template":"","format":"standard","meta":{"_acf_changed":false,"footnotes":"","jetpack_publicize_message":"","jetpack_publicize_feature_enabled":true,"jetpack_social_post_already_shared":false,"jetpack_social_options":{"image_generator_settings":{"template":"highway","default_image_id":0,"font":"","enabled":false},"version":2}},"categories":[572],"tags":[],"class_list":["post-236033","post","type-post","status-publish","format-standard","has-post-thumbnail","hentry","category-ionio"],"acf":[],"jetpack_publicize_connections":[],"_links":{"self":[{"href":"https:\/\/quicosenza.it\/news\/wp-json\/wp\/v2\/posts\/236033","targetHints":{"allow":["GET"]}}],"collection":[{"href":"https:\/\/quicosenza.it\/news\/wp-json\/wp\/v2\/posts"}],"about":[{"href":"https:\/\/quicosenza.it\/news\/wp-json\/wp\/v2\/types\/post"}],"author":[{"embeddable":true,"href":"https:\/\/quicosenza.it\/news\/wp-json\/wp\/v2\/users\/61"}],"replies":[{"embeddable":true,"href":"https:\/\/quicosenza.it\/news\/wp-json\/wp\/v2\/comments?post=236033"}],"version-history":[{"count":0,"href":"https:\/\/quicosenza.it\/news\/wp-json\/wp\/v2\/posts\/236033\/revisions"}],"wp:featuredmedia":[{"embeddable":true,"href":"https:\/\/quicosenza.it\/news\/wp-json\/wp\/v2\/media\/236034"}],"wp:attachment":[{"href":"https:\/\/quicosenza.it\/news\/wp-json\/wp\/v2\/media?parent=236033"}],"wp:term":[{"taxonomy":"category","embeddable":true,"href":"https:\/\/quicosenza.it\/news\/wp-json\/wp\/v2\/categories?post=236033"},{"taxonomy":"post_tag","embeddable":true,"href":"https:\/\/quicosenza.it\/news\/wp-json\/wp\/v2\/tags?post=236033"}],"curies":[{"name":"wp","href":"https:\/\/api.w.org\/{rel}","templated":true}]}}