{"id":236070,"date":"2024-07-27T16:30:13","date_gmt":"2024-07-27T14:30:13","guid":{"rendered":"https:\/\/www.quicosenza.it\/news\/?p=236070"},"modified":"2024-07-27T15:27:32","modified_gmt":"2024-07-27T13:27:32","slug":"autonomia-differenziata-occhiuto-al-sud-referendum-finirebbe-90-a-10-per-i-no","status":"publish","type":"post","link":"https:\/\/quicosenza.it\/news\/autonomia-differenziata-occhiuto-al-sud-referendum-finirebbe-90-a-10-per-i-no\/","title":{"rendered":"Autonomia differenziata, Occhiuto: &#8220;al sud referendum finirebbe 90 a 10 per i no&#8221;"},"content":{"rendered":"<div id=\"txt_cont\">\u00a0CATANZARO &#8211; &#8220;Sono certo che i cittadini della Calabria voterebbero contro l&#8217;autonomia differenziata in un eventuale referendum. I<strong>n generale al Sud credo che finirebbe 90-10 o 80-20.<\/strong> I cittadini la vedono come molto divisiva e quindi la contesterebbero in questo modo. Al nord poi questo risultato non sarebbe compensato.<strong> Ci sono tante altre priorit\u00e0 prima dell&#8217;autonomia anche per i cittadini del nord: sicurezza, pressione fiscale, la semplificazione, la riduzione dei giorni di attesa per avere una visita medica<\/strong>. Io ho consigliato prudenza alla mia coalizione anche per questo&#8221;. Lo ha dichiarato Roberto Occhiuto, presidente della Regione Calabria e vicesegretario di Forza Italia.<\/div>\n<div>&#8220;Sui referendum contrari all&#8217;autonomia &#8211; ha detto poi occhiuto in merito alla situazione calabrese &#8211; decider\u00e0 il Consiglio regionale. <strong>Io non credo che la legge sia incostituzionale, credo per\u00f2 sarebbe stato pi\u00f9 prudente approfondirla meglio.<\/strong> Rilevo che il tema \u00e8 diventato ideologico di scontro politico tra centrodestra e centrosinistra. Penso sia un tema cos\u00ec importante che questo clima non aiuti la discussione che andrebbe affrontata con coraggio&#8221;.<\/div>\n","protected":false},"excerpt":{"rendered":"<p>\u00a0CATANZARO &#8211; &#8220;Sono certo che i cittadini della Calabria voterebbero contro l&#8217;autonomia differenziata in un eventuale referendum. In generale al Sud credo che finirebbe 90-10 o 80-20. I cittadini la vedono come molto divisiva e quindi la contesterebbero in questo modo. Al nord poi questo risultato non sarebbe compensato. Ci sono tante altre priorit\u00e0 prima [&hellip;]<\/p>\n","protected":false},"author":61,"featured_media":236053,"comment_status":"closed","ping_status":"closed","sticky":false,"template":"","format":"standard","meta":{"_acf_changed":false,"footnotes":"","jetpack_publicize_message":"","jetpack_publicize_feature_enabled":true,"jetpack_social_post_already_shared":false,"jetpack_social_options":{"image_generator_settings":{"template":"highway","default_image_id":0,"font":"","enabled":false},"version":2}},"categories":[17],"tags":[19],"class_list":["post-236070","post","type-post","status-publish","format-standard","has-post-thumbnail","hentry","category-calabria","tag-copertina"],"acf":[],"jetpack_publicize_connections":[],"_links":{"self":[{"href":"https:\/\/quicosenza.it\/news\/wp-json\/wp\/v2\/posts\/236070","targetHints":{"allow":["GET"]}}],"collection":[{"href":"https:\/\/quicosenza.it\/news\/wp-json\/wp\/v2\/posts"}],"about":[{"href":"https:\/\/quicosenza.it\/news\/wp-json\/wp\/v2\/types\/post"}],"author":[{"embeddable":true,"href":"https:\/\/quicosenza.it\/news\/wp-json\/wp\/v2\/users\/61"}],"replies":[{"embeddable":true,"href":"https:\/\/quicosenza.it\/news\/wp-json\/wp\/v2\/comments?post=236070"}],"version-history":[{"count":0,"href":"https:\/\/quicosenza.it\/news\/wp-json\/wp\/v2\/posts\/236070\/revisions"}],"wp:featuredmedia":[{"embeddable":true,"href":"https:\/\/quicosenza.it\/news\/wp-json\/wp\/v2\/media\/236053"}],"wp:attachment":[{"href":"https:\/\/quicosenza.it\/news\/wp-json\/wp\/v2\/media?parent=236070"}],"wp:term":[{"taxonomy":"category","embeddable":true,"href":"https:\/\/quicosenza.it\/news\/wp-json\/wp\/v2\/categories?post=236070"},{"taxonomy":"post_tag","embeddable":true,"href":"https:\/\/quicosenza.it\/news\/wp-json\/wp\/v2\/tags?post=236070"}],"curies":[{"name":"wp","href":"https:\/\/api.w.org\/{rel}","templated":true}]}}