{"id":236099,"date":"2024-07-26T10:30:29","date_gmt":"2024-07-26T08:30:29","guid":{"rendered":"https:\/\/www.quicosenza.it\/news\/?p=236099"},"modified":"2024-07-26T09:19:18","modified_gmt":"2024-07-26T07:19:18","slug":"autonomia-differenziata-what-women-want-da-vita-al-comitato-spontaneo-per-il-si","status":"publish","type":"post","link":"https:\/\/quicosenza.it\/news\/autonomia-differenziata-what-women-want-da-vita-al-comitato-spontaneo-per-il-si\/","title":{"rendered":"Autonomia differenziata, What Women Want d\u00e0 vita al comitato spontaneo per il &#8220;Si&#8221;"},"content":{"rendered":"<p>COSENZA &#8211; \u201c<strong>Contro l\u2019autonomia differenziata: una firma per l\u2019Italia. Unita libera giusta<\/strong>\u201d. WWW What Women Want_La Calabria vista dalle donne, ha dato vita al comitato spontaneo di cittadine e cittadini per il &#8216;Si&#8217; al referendum contro il Ddl Calderoli (legge 26 giugno 2024, n. 86) per il quale, servono almeno 500mila firme a livello nazionale, per sostenere il referendum abrogativo.<\/p>\n<p>&#8220;Le cittadine ed i cittadini sono invitati a firmare per abrogare una legge che, sottraendo competenze allo Stato a favore delle Regioni su molte materie (tra cui scuola e sanit\u00e0), rompe l\u2019unit\u00e0 del Paese, aumenta le diseguaglianze ed \u00e8 in contrasto con la Costituzione che sancisce che la Repubblica \u00e8 una e indivisibile, persegue l\u2019uguaglianza dei cittadini e il dovere della solidariet\u00e0&#8221;.<\/p>\n<p><strong>Con l\u2019autonomia differenziata si torna indietro<\/strong><\/p>\n<p>Secondo i promotori la regionalizzazione dei contratti di lavoro produrrebbe una corsa al ribasso con la <strong>riduzione dei salari e dei diritti<\/strong> con conseguente compromissione della qualit\u00e0 di vita di tutte le regioni, nascondendo l\u2019ufficialit\u00e0 della separazione\/secessione fra le regioni pi\u00f9 forti, con maggiori risorse, e quelle pi\u00f9 deboli, storicamente riconosciute tali, aumentando il divario gi\u00e0 esistente.<\/p>\n<p>&#8220;<strong>WWW intende coinvolgere le donne di ogni parte d\u2019Italia<\/strong> per gli effetti che l\u2019autonomia differenziata potrebbe provocare sulla condizione femminile, gi\u00e0 notoriamente fragile, soprattutto al sud: le<strong>\u00a0pi\u00f9 colpite<\/strong> &#8211; affermano le attiviste di WWW nel presentare l\u2019iniziativa &#8211; <strong>potrebbero essere proprio le donne<\/strong> che gi\u00e0 scontano su di s\u00e9 la sperequazione di genere dovuta alla societ\u00e0 patriarcale. E tra le donne le pi\u00f9 colpite saranno quelle del sud, che gi\u00e0 ora sono meno occupate e godono di meno servizi\u201d.<\/p>\n<p>Il rischio \u00e8 quello di avere un\u2019Italia \u201carlecchino\u201d in cui ogni Regione si darebbe le proprie regole in settori strategici a livello nazionale. WWW fa parte di un gruppo di forze che condivide le preoccupazioni di veder trasformata la nostra Repubblica in un stato fatto di 20 regioni, 20 piccole entit\u00e0\/Stato, con l\u2019inevitabile e certamente drammatica frantumazione nella capacit\u00e0 dell&#8217;intero Paese di proporre e attuare le proprie politiche pubbliche e, soprattutto, di riuscire a ricoprire un ruolo di Paese a livello internazionale.<\/p>\n<p>&#8220;Salteranno con questa legge i principi di solidariet\u00e0 e cooperazione tra le varie parti del Paese, passando da un regionalismo cooperativo e solidaristico a un esasperato regionalismo competitivo, con inevitabili effetti drammatici soprattutto nei servizi relativi alle politiche sanitarie e scolastiche, in relazione alla contrattazione collettiva dei comparti lavorativi. Una legge che fa male certamente al Mezzogiorno ma anche a tutta l\u2019Italia. Per questo serve una mobilitazione importante che possa garantire entro il prossimo mese di settembre una grande <strong>raccolta di firme per una Italia unita, libera e giusta&#8221;. <\/strong><\/p>\n<p>&nbsp;<\/p>\n","protected":false},"excerpt":{"rendered":"<p>COSENZA &#8211; \u201cContro l\u2019autonomia differenziata: una firma per l\u2019Italia. Unita libera giusta\u201d. WWW What Women Want_La Calabria vista dalle donne, ha dato vita al comitato spontaneo di cittadine e cittadini per il &#8216;Si&#8217; al referendum contro il Ddl Calderoli (legge 26 giugno 2024, n. 86) per il quale, servono almeno 500mila firme a livello nazionale, [&hellip;]<\/p>\n","protected":false},"author":42,"featured_media":236109,"comment_status":"closed","ping_status":"closed","sticky":false,"template":"","format":"standard","meta":{"_acf_changed":false,"footnotes":"","jetpack_publicize_message":"","jetpack_publicize_feature_enabled":true,"jetpack_social_post_already_shared":false,"jetpack_social_options":{"image_generator_settings":{"template":"highway","default_image_id":0,"font":"","enabled":false},"version":2}},"categories":[563,42],"tags":[19],"class_list":["post-236099","post","type-post","status-publish","format-standard","has-post-thumbnail","hentry","category-area-urbana","category-cosenza","tag-copertina"],"acf":[],"jetpack_publicize_connections":[],"_links":{"self":[{"href":"https:\/\/quicosenza.it\/news\/wp-json\/wp\/v2\/posts\/236099","targetHints":{"allow":["GET"]}}],"collection":[{"href":"https:\/\/quicosenza.it\/news\/wp-json\/wp\/v2\/posts"}],"about":[{"href":"https:\/\/quicosenza.it\/news\/wp-json\/wp\/v2\/types\/post"}],"author":[{"embeddable":true,"href":"https:\/\/quicosenza.it\/news\/wp-json\/wp\/v2\/users\/42"}],"replies":[{"embeddable":true,"href":"https:\/\/quicosenza.it\/news\/wp-json\/wp\/v2\/comments?post=236099"}],"version-history":[{"count":0,"href":"https:\/\/quicosenza.it\/news\/wp-json\/wp\/v2\/posts\/236099\/revisions"}],"wp:featuredmedia":[{"embeddable":true,"href":"https:\/\/quicosenza.it\/news\/wp-json\/wp\/v2\/media\/236109"}],"wp:attachment":[{"href":"https:\/\/quicosenza.it\/news\/wp-json\/wp\/v2\/media?parent=236099"}],"wp:term":[{"taxonomy":"category","embeddable":true,"href":"https:\/\/quicosenza.it\/news\/wp-json\/wp\/v2\/categories?post=236099"},{"taxonomy":"post_tag","embeddable":true,"href":"https:\/\/quicosenza.it\/news\/wp-json\/wp\/v2\/tags?post=236099"}],"curies":[{"name":"wp","href":"https:\/\/api.w.org\/{rel}","templated":true}]}}