{"id":236206,"date":"2024-07-26T19:53:10","date_gmt":"2024-07-26T17:53:10","guid":{"rendered":"https:\/\/www.quicosenza.it\/news\/?p=236206"},"modified":"2024-07-26T19:53:10","modified_gmt":"2024-07-26T17:53:10","slug":"cosenza-sopralluogo-del-sindaco-in-via-degli-stadi-a-lavoro-affinche-non-sia-piu-periferia","status":"publish","type":"post","link":"https:\/\/quicosenza.it\/news\/cosenza-sopralluogo-del-sindaco-in-via-degli-stadi-a-lavoro-affinche-non-sia-piu-periferia\/","title":{"rendered":"Cosenza, sopralluogo del sindaco in via degli Stadi: &#8220;A lavoro affinch\u00e9 non sia pi\u00f9 periferia&#8221;"},"content":{"rendered":"<p>COSENZA &#8211; Sopralluogo del Sindaco <strong>Franz Caruso<\/strong> questa mattina nel <strong>quartiere di via degli Stadi<\/strong> dove sono in corso significativi <strong>interventi di recupero e di riqualificazione.<\/strong> Ad accompagnare il primo cittadino nel sopralluogo, l&#8217;Assessore all&#8217;Urbanistica e alla Riqualificazione Urbana <strong>Pina Incarnato<\/strong>. Presente anche l&#8217;ing.<strong>Pietro Filice<\/strong> del Settore Lavori pubblici di Palazzo dei Bruzi. Il Sindaco Franz Caruso ha visitato in particolare il <strong>cantiere di via Saverio Albo<\/strong> dove si stanno realizzando interventi di miglioramento sismico e della copertura di 4 edifici di edilizia residenziale pubblica, di propriet\u00e0 comunale, pi\u00f9 la riqualificazione di due giardini pubblici che diventeranno spazio inclusivo, accessibile a tutti e saranno attrezzati con una nuova pavimentazione, una nuova illuminazione e con la piantumazione di nuove essenze arboree. Il Sindaco e l&#8217;Assessore Incarnato si sono spostati poi in via degli Stadi dove \u00e8 stato avviato per la prima volta un intervento che assegna un&#8217;attenzione particolare al tema dell&#8217;efficienza energetica, con la riqualificazione di edifici ad<strong> elevata efficienza energetica<\/strong> (NZEB), attraverso l&#8217;installazione di pannelli fotovoltaici, di sistemi centralizzati caldo-freddo e con l&#8217;installazione di ascensori.<\/p>\n<h3><strong>Caruso: &#8220;al via una narrazione nuova e completamente diversa&#8221;<\/strong><\/h3>\n<p>&#8220;Quella che stiamo realizzando \u2013 ha sottolineato al termine del sopralluogo Franz Caruso \u2013 \u00e8 una narrazione nuova e completamente diversa di uno dei quartieri della citt\u00e0, San Vito, che conoscer\u00e0, tra non molto, una nuova stagione all&#8217;insegna del recupero e della riqualificazione fino ad assumere un nuovo volto, lontano dal degrado e dalla obsolescenza nei quali per lungo tempo era stato lasciato. Il disegno che stiamo portando avanti \u2013 ha aggiunto il primo cittadino \u2013 \u00e8 quello di intervenire nelle periferie perch\u00e9 diventino esse stesse centro, perch\u00e9 la citt\u00e0 \u2013 non mi stancher\u00f2 mai di dirlo &#8211; vive, si sviluppa e diventa attrattiva se cresce tutta quanta insieme. Chi conosce la storia di questa citt\u00e0 sa che interventi di questo genere nelle nostre periferie non erano stati mai pensati e realizzati. <strong>L&#8217;ultimo intervento in una zona periferica della citt\u00e0 risale all&#8217;azione di Giacomo Mancini,<\/strong> durante la sua prima sindacatura, dal 1993 al 1997. Ritengo di poter affermare che nessuna Amministrazione ha mai attenzionato e rivolto il proprio sguardo verse queste aree emarginate della citt\u00e0 che per noi sono importantissime&#8221;.<\/p>\n<h3><strong>Incarnato: &#8220;dopo 40 anni diamo risposte a San Vito&#8221;<\/strong><\/h3>\n<p>&#8220;Con gli interventi che abbiamo avviato \u2013 ha dal canto suo dichiarato l&#8217;Assessore Pina Incarnato &#8211; dopo 40 anni finalmente diamo risposte alle esigenze del quartiere San Vito. E lo facciamo in maniera mirata e massiccia. Sugli edifici di edilizia residenziale pubblica stiamo intervenendo con riqualificazioni che non sono solo di natura estetica, ma che contemplano soprattutto azioni di rifunzionalizzazione dal punto di vista energetico e di messa in sicurezza, cos\u00ec come stiamo provvedendo a riattrezzare anche le zone esterne, in particolare le due villette di Saverio Albo, destinandole alla socializzazione ed abbattendo ogni barriera di accesso. Siamo, insomma, protesi nel perseguire quel <strong>senso di rigenerazione urbana<\/strong> che va oltre la semplice ristrutturazione del luogo. Gli interventi che oggi, insieme al Sindaco, ci siamo recati a monitorare, riguardano il<strong> miglioramento sismico e l&#8217;efficientamento energetico di edifici di edilizia residenziale pubblica<\/strong>, al fine di ridurre la diseguaglianza abitativa, offrire alloggi sicuri e contribuire alla riduzione di consumi energetici&#8221;.<\/p>\n","protected":false},"excerpt":{"rendered":"<p>COSENZA &#8211; Sopralluogo del Sindaco Franz Caruso questa mattina nel quartiere di via degli Stadi dove sono in corso significativi interventi di recupero e di riqualificazione. Ad accompagnare il primo cittadino nel sopralluogo, l&#8217;Assessore all&#8217;Urbanistica e alla Riqualificazione Urbana Pina Incarnato. Presente anche l&#8217;ing.Pietro Filice del Settore Lavori pubblici di Palazzo dei Bruzi. Il Sindaco [&hellip;]<\/p>\n","protected":false},"author":58,"featured_media":236207,"comment_status":"closed","ping_status":"closed","sticky":false,"template":"","format":"standard","meta":{"_acf_changed":false,"footnotes":"","jetpack_publicize_message":"","jetpack_publicize_feature_enabled":true,"jetpack_social_post_already_shared":false,"jetpack_social_options":{"image_generator_settings":{"template":"highway","default_image_id":0,"font":"","enabled":false},"version":2}},"categories":[563,42],"tags":[19],"class_list":["post-236206","post","type-post","status-publish","format-standard","has-post-thumbnail","hentry","category-area-urbana","category-cosenza","tag-copertina"],"acf":[],"jetpack_publicize_connections":[],"_links":{"self":[{"href":"https:\/\/quicosenza.it\/news\/wp-json\/wp\/v2\/posts\/236206","targetHints":{"allow":["GET"]}}],"collection":[{"href":"https:\/\/quicosenza.it\/news\/wp-json\/wp\/v2\/posts"}],"about":[{"href":"https:\/\/quicosenza.it\/news\/wp-json\/wp\/v2\/types\/post"}],"author":[{"embeddable":true,"href":"https:\/\/quicosenza.it\/news\/wp-json\/wp\/v2\/users\/58"}],"replies":[{"embeddable":true,"href":"https:\/\/quicosenza.it\/news\/wp-json\/wp\/v2\/comments?post=236206"}],"version-history":[{"count":0,"href":"https:\/\/quicosenza.it\/news\/wp-json\/wp\/v2\/posts\/236206\/revisions"}],"wp:featuredmedia":[{"embeddable":true,"href":"https:\/\/quicosenza.it\/news\/wp-json\/wp\/v2\/media\/236207"}],"wp:attachment":[{"href":"https:\/\/quicosenza.it\/news\/wp-json\/wp\/v2\/media?parent=236206"}],"wp:term":[{"taxonomy":"category","embeddable":true,"href":"https:\/\/quicosenza.it\/news\/wp-json\/wp\/v2\/categories?post=236206"},{"taxonomy":"post_tag","embeddable":true,"href":"https:\/\/quicosenza.it\/news\/wp-json\/wp\/v2\/tags?post=236206"}],"curies":[{"name":"wp","href":"https:\/\/api.w.org\/{rel}","templated":true}]}}