{"id":236309,"date":"2024-07-27T19:21:38","date_gmt":"2024-07-27T17:21:38","guid":{"rendered":"https:\/\/www.quicosenza.it\/news\/?p=236309"},"modified":"2024-07-27T19:21:38","modified_gmt":"2024-07-27T17:21:38","slug":"citta-unica-mazzuca-abbiamo-deciso-di-governare-il-processo-e-non-di-subirlo","status":"publish","type":"post","link":"https:\/\/quicosenza.it\/news\/citta-unica-mazzuca-abbiamo-deciso-di-governare-il-processo-e-non-di-subirlo\/","title":{"rendered":"Citt\u00e0 unica, Mazzuca: &#8220;abbiamo deciso di governare il processo e non di subirlo&#8221;"},"content":{"rendered":"<p>COSENZA &#8211; \u00abEsprimo grande soddisfazione <strong>per il documento approvato venerd\u00ec dalla quasi totalit\u00e0 del Consiglio Regionale che ha dato il via al processo di fusione dei comuni di Cosenza, Rende e Castrolibero<\/strong>. Si tratta di un percorso virtuoso che porter\u00e0, in tempi adeguati, alla costituzione della seconda citt\u00e0 della Calabria, capoluogo dell\u2019area nord della nostra regione\u00bb. E\u2019 quanto sostiene il presidente del consiglio comunale di Cosenza, in quota Pd, <strong>Giuseppe Mazzuca<\/strong>.<\/p>\n<p>\u00abLa costituzione della citt\u00e0 unica formalizzer\u00e0 una situazione di fatto gi\u00e0 esistente da decenni e sentita dai cittadini come una necessit\u00e0 ormai non procrastinabile. E la soddisfazione \u00e8 ancora maggiore per la posizione del Partito Democratico, che pur censurando la genesi della proposta, ha deciso di sostenere questo processo epocale e di collocarsi dalla parte giusta della storia.<strong> Abbiamo deciso di governare il processo e non di subirlo, proponendo di posticipare la data finale per consentire di arrivare all\u2019appuntamento dopo aver compiuto tutti i passi necessari per armonizzare processi, strutture, statuti, servizi e piante organiche dei tre comuni interessati dal progetto.<\/strong> E soprattutto abbiamo ribadito il principio democratico per cui toccher\u00e0 ai cittadini esprimersi e decidere se arrivare al traguardo finale oppure no.<\/p>\n<p>Il referendum, vincolante nei fatti, supera il vulnus originario della proposta del centrodestra, che aveva escluso i consigli comunali dal processo decisionale, perch\u00e9 sar\u00e0 una base ancora pi\u00f9 ampia e rappresentativa a decretare il successo o meno della fusione.<strong> E questa decisione del Pd, che ho contribuito a determinare, ha visto un partito mai cos\u00ec unito a iniziare dalla segreteria di federazione con in testa il segretario Pecoraro, passando dalla segreteria regionale con il senatore Irto e dal gruppo in consiglio regionale guidato da Mimmo Bevacqua con il contributo di Franco Iacucci,<\/strong> per arrivare alla segreteria nazionale con il responsabile del mezzogiorno Marco Sarraccino che ha fortemente sostenuto l\u2019iniziativa. Non resta adesso che mettersi al lavoro per arrivare preparati all\u2019appuntamento che, sono certo, i cittadini di Cosenza, Rende e Castrolibero non vorranno mancare sostenendo il s\u00ec alla fusione a grande maggioranza\u00bb.<\/p>\n","protected":false},"excerpt":{"rendered":"<p>COSENZA &#8211; \u00abEsprimo grande soddisfazione per il documento approvato venerd\u00ec dalla quasi totalit\u00e0 del Consiglio Regionale che ha dato il via al processo di fusione dei comuni di Cosenza, Rende e Castrolibero. Si tratta di un percorso virtuoso che porter\u00e0, in tempi adeguati, alla costituzione della seconda citt\u00e0 della Calabria, capoluogo dell\u2019area nord della nostra [&hellip;]<\/p>\n","protected":false},"author":61,"featured_media":188540,"comment_status":"closed","ping_status":"closed","sticky":false,"template":"","format":"standard","meta":{"_acf_changed":false,"footnotes":"","jetpack_publicize_message":"","jetpack_publicize_feature_enabled":true,"jetpack_social_post_already_shared":false,"jetpack_social_options":{"image_generator_settings":{"template":"highway","default_image_id":0,"font":"","enabled":false},"version":2}},"categories":[563,42],"tags":[19],"class_list":["post-236309","post","type-post","status-publish","format-standard","has-post-thumbnail","hentry","category-area-urbana","category-cosenza","tag-copertina"],"acf":[],"jetpack_publicize_connections":[],"_links":{"self":[{"href":"https:\/\/quicosenza.it\/news\/wp-json\/wp\/v2\/posts\/236309","targetHints":{"allow":["GET"]}}],"collection":[{"href":"https:\/\/quicosenza.it\/news\/wp-json\/wp\/v2\/posts"}],"about":[{"href":"https:\/\/quicosenza.it\/news\/wp-json\/wp\/v2\/types\/post"}],"author":[{"embeddable":true,"href":"https:\/\/quicosenza.it\/news\/wp-json\/wp\/v2\/users\/61"}],"replies":[{"embeddable":true,"href":"https:\/\/quicosenza.it\/news\/wp-json\/wp\/v2\/comments?post=236309"}],"version-history":[{"count":0,"href":"https:\/\/quicosenza.it\/news\/wp-json\/wp\/v2\/posts\/236309\/revisions"}],"wp:featuredmedia":[{"embeddable":true,"href":"https:\/\/quicosenza.it\/news\/wp-json\/wp\/v2\/media\/188540"}],"wp:attachment":[{"href":"https:\/\/quicosenza.it\/news\/wp-json\/wp\/v2\/media?parent=236309"}],"wp:term":[{"taxonomy":"category","embeddable":true,"href":"https:\/\/quicosenza.it\/news\/wp-json\/wp\/v2\/categories?post=236309"},{"taxonomy":"post_tag","embeddable":true,"href":"https:\/\/quicosenza.it\/news\/wp-json\/wp\/v2\/tags?post=236309"}],"curies":[{"name":"wp","href":"https:\/\/api.w.org\/{rel}","templated":true}]}}