{"id":236316,"date":"2024-07-28T08:00:54","date_gmt":"2024-07-28T06:00:54","guid":{"rendered":"https:\/\/www.quicosenza.it\/news\/?p=236316"},"modified":"2024-07-28T09:00:00","modified_gmt":"2024-07-28T07:00:00","slug":"don-annunziato-laitano-e-il-nuovo-vicario-generale-della-diocesi-di-cassano-jonio","status":"publish","type":"post","link":"https:\/\/quicosenza.it\/news\/don-annunziato-laitano-e-il-nuovo-vicario-generale-della-diocesi-di-cassano-jonio\/","title":{"rendered":"Don Annunziato Laitano \u00e8 il nuovo vicario generale della diocesi di Cassano Jonio"},"content":{"rendered":"<p>CASSANO JONIO &#8211; <strong>Don Annunziato Laitano, \u00e8 il nuovo vicario generale, della diocesi di Cassano Jonio.<\/strong> Lo ha annunciato il Vescovo della diocesi cassanese, monsignor Francesco Savino e vice presidente della Conferenza Episcopale Italiana.\u00a0 Porter\u00e0 con s\u00e9 un bagaglio di esperienza e di dedizione che sar\u00e0 di grande valore per la comunit\u00e0 diocesana.<strong> Sin ora, direttore dell&#8217;ufficio catechistico e direttore dell&#8217;Ufficio per l&#8217;evangelizzazione e segretario personale del vescovo<\/strong>.<\/p>\n<p>Monsignor Savino ha rivolto un sentito rinforzo a Mons. Francesco Di Chiara, gi\u00e0 vicario generale: \u00abIn questi anni, il mio principale collaboratore \u00e8 stato Mons. Francesco Di Chiara,<strong> che con grande libert\u00e0 e seriet\u00e0 \u2013 segno di amore autentico a Cristo e alla sua Chiesa \u2013 per raggiunti limiti di et\u00e0 mi ha presentato la rinuncia all&#8217;ufficio di Vicario generale.<\/strong> Per rispetto alla sua persona, mi sono sentito moralmente obbligato ad accogliere la sua richiesta e desidero, ancora una volta, rinnovargli tutto il mio affetto e il ringraziamento per la pazienza, la dedizione e l&#8217;abnegazione con cui in questi anni ha servito la nostra Diocesi! Avremo tempo e modo di manifestargli ancora tutti il nostro affetto e la nostra gratitudine\u00bb.<\/p>\n","protected":false},"excerpt":{"rendered":"<p>CASSANO JONIO &#8211; Don Annunziato Laitano, \u00e8 il nuovo vicario generale, della diocesi di Cassano Jonio. Lo ha annunciato il Vescovo della diocesi cassanese, monsignor Francesco Savino e vice presidente della Conferenza Episcopale Italiana.\u00a0 Porter\u00e0 con s\u00e9 un bagaglio di esperienza e di dedizione che sar\u00e0 di grande valore per la comunit\u00e0 diocesana. Sin ora, [&hellip;]<\/p>\n","protected":false},"author":61,"featured_media":236317,"comment_status":"closed","ping_status":"closed","sticky":false,"template":"","format":"standard","meta":{"_acf_changed":false,"footnotes":"","jetpack_publicize_message":"","jetpack_publicize_feature_enabled":true,"jetpack_social_post_already_shared":false,"jetpack_social_options":{"image_generator_settings":{"template":"highway","default_image_id":0,"font":"","enabled":false},"version":2}},"categories":[572],"tags":[19],"class_list":["post-236316","post","type-post","status-publish","format-standard","has-post-thumbnail","hentry","category-ionio","tag-copertina"],"acf":[],"jetpack_publicize_connections":[],"_links":{"self":[{"href":"https:\/\/quicosenza.it\/news\/wp-json\/wp\/v2\/posts\/236316","targetHints":{"allow":["GET"]}}],"collection":[{"href":"https:\/\/quicosenza.it\/news\/wp-json\/wp\/v2\/posts"}],"about":[{"href":"https:\/\/quicosenza.it\/news\/wp-json\/wp\/v2\/types\/post"}],"author":[{"embeddable":true,"href":"https:\/\/quicosenza.it\/news\/wp-json\/wp\/v2\/users\/61"}],"replies":[{"embeddable":true,"href":"https:\/\/quicosenza.it\/news\/wp-json\/wp\/v2\/comments?post=236316"}],"version-history":[{"count":0,"href":"https:\/\/quicosenza.it\/news\/wp-json\/wp\/v2\/posts\/236316\/revisions"}],"wp:featuredmedia":[{"embeddable":true,"href":"https:\/\/quicosenza.it\/news\/wp-json\/wp\/v2\/media\/236317"}],"wp:attachment":[{"href":"https:\/\/quicosenza.it\/news\/wp-json\/wp\/v2\/media?parent=236316"}],"wp:term":[{"taxonomy":"category","embeddable":true,"href":"https:\/\/quicosenza.it\/news\/wp-json\/wp\/v2\/categories?post=236316"},{"taxonomy":"post_tag","embeddable":true,"href":"https:\/\/quicosenza.it\/news\/wp-json\/wp\/v2\/tags?post=236316"}],"curies":[{"name":"wp","href":"https:\/\/api.w.org\/{rel}","templated":true}]}}