{"id":236337,"date":"2024-07-29T08:30:32","date_gmt":"2024-07-29T06:30:32","guid":{"rendered":"https:\/\/www.quicosenza.it\/news\/?p=236337"},"modified":"2024-07-29T07:52:24","modified_gmt":"2024-07-29T05:52:24","slug":"cosenza-calcio-inizia-una-settimana-decisiva-per-il-mercato","status":"publish","type":"post","link":"https:\/\/quicosenza.it\/news\/cosenza-calcio-inizia-una-settimana-decisiva-per-il-mercato\/","title":{"rendered":"Cosenza calcio, inizia una settimana decisiva per il mercato"},"content":{"rendered":"<p>COSENZA &#8211; Dopo oltre due settimane di ritiro \u00e8 arrivato qualche giorno di stop per <strong>i giocatori del Cosenza<\/strong>, che riprenderanno la preparazione in citt\u00e0 in vista dell&#8217;<strong>amichevole contro il Foggia<\/strong>, ma soprattutto dell&#8217;esordio ufficiale <strong>di Torino in coppa Italia<\/strong>. L&#8217;obiettivo, per\u00f2, \u00e8 chiaro ed \u00e8 quello di farsi trovare pronti per <strong>la prima di campionato contro la Cremonese<\/strong> in programma al <strong>San Vito Marulla<\/strong> il <strong>18 agosto<\/strong>.<\/p>\n<p>Quella che si apre, per\u00f2, potrebbe essere <strong>una settimana decisamente importante soprattutto per il mercato<\/strong>. In entrata ed in uscita. In primis per <strong>l\u2019affare Tutino<\/strong> che potrebbe sbloccare altre situazioni in essere. <strong>Il numero nove sembrerebbe essere conteso fra Sampdoria e Sassuol<\/strong>o; il giocatore preferirebbe Genova, mentre il Cosenza preferirebbe la squadra appena retrocessa dalla serie A, che, probabilmente, offre di pi\u00f9.<\/p>\n<p>E mentre <strong>Mazzocchi<\/strong> torner\u00e0 a lavorare con i suoi ex compagni questa settimana in quel di Cosenza, sembra essere vicino <strong>l&#8217;ingaggio del centrocampista Kourfalidis<\/strong>, direttamente dal <strong>Cagliari<\/strong>. Un buon rinforzo in mezzo al campo in attesa che si definiscano altri affari ed altre posizioni. Ad esempio quella di <strong>Marras<\/strong>, che sembra essere in bilico. Il giocatore si \u00e8 visto poco finora anche a casa di qualche guaio fisico, ma bisogner\u00e0 capire se far\u00e0 parte del nuovo Cosenza. <strong>Al suo posto potrebbe esserci, eventualmente, Baez,<\/strong> ma in questo caso la trattativa non \u00e8 certamente in stato avanzato. L&#8217;impressione \u00e8 che<strong> la cessione di Tutino potrebbe rappresentare la svolta<\/strong> del mercato del Cosenza.<\/p>\n","protected":false},"excerpt":{"rendered":"<p>COSENZA &#8211; Dopo oltre due settimane di ritiro \u00e8 arrivato qualche giorno di stop per i giocatori del Cosenza, che riprenderanno la preparazione in citt\u00e0 in vista dell&#8217;amichevole contro il Foggia, ma soprattutto dell&#8217;esordio ufficiale di Torino in coppa Italia. L&#8217;obiettivo, per\u00f2, \u00e8 chiaro ed \u00e8 quello di farsi trovare pronti per la prima di [&hellip;]<\/p>\n","protected":false},"author":65,"featured_media":230804,"comment_status":"closed","ping_status":"closed","sticky":false,"template":"","format":"video","meta":{"_acf_changed":false,"footnotes":"","jetpack_publicize_message":"","jetpack_publicize_feature_enabled":true,"jetpack_social_post_already_shared":false,"jetpack_social_options":{"image_generator_settings":{"template":"highway","default_image_id":0,"font":"","enabled":false},"version":2}},"categories":[20],"tags":[19,135],"class_list":["post-236337","post","type-post","status-publish","format-video","has-post-thumbnail","hentry","category-sport","tag-copertina","tag-video","post_format-post-format-video"],"acf":[],"jetpack_publicize_connections":[],"_links":{"self":[{"href":"https:\/\/quicosenza.it\/news\/wp-json\/wp\/v2\/posts\/236337","targetHints":{"allow":["GET"]}}],"collection":[{"href":"https:\/\/quicosenza.it\/news\/wp-json\/wp\/v2\/posts"}],"about":[{"href":"https:\/\/quicosenza.it\/news\/wp-json\/wp\/v2\/types\/post"}],"author":[{"embeddable":true,"href":"https:\/\/quicosenza.it\/news\/wp-json\/wp\/v2\/users\/65"}],"replies":[{"embeddable":true,"href":"https:\/\/quicosenza.it\/news\/wp-json\/wp\/v2\/comments?post=236337"}],"version-history":[{"count":0,"href":"https:\/\/quicosenza.it\/news\/wp-json\/wp\/v2\/posts\/236337\/revisions"}],"wp:featuredmedia":[{"embeddable":true,"href":"https:\/\/quicosenza.it\/news\/wp-json\/wp\/v2\/media\/230804"}],"wp:attachment":[{"href":"https:\/\/quicosenza.it\/news\/wp-json\/wp\/v2\/media?parent=236337"}],"wp:term":[{"taxonomy":"category","embeddable":true,"href":"https:\/\/quicosenza.it\/news\/wp-json\/wp\/v2\/categories?post=236337"},{"taxonomy":"post_tag","embeddable":true,"href":"https:\/\/quicosenza.it\/news\/wp-json\/wp\/v2\/tags?post=236337"}],"curies":[{"name":"wp","href":"https:\/\/api.w.org\/{rel}","templated":true}]}}