{"id":236342,"date":"2024-07-29T07:49:14","date_gmt":"2024-07-29T05:49:14","guid":{"rendered":"https:\/\/www.quicosenza.it\/news\/?p=236342"},"modified":"2024-07-29T07:49:14","modified_gmt":"2024-07-29T05:49:14","slug":"fede-e-forti-tradizioni-culturali-spezzano-piccolo-rivivra-una-tre-giorni-di-atmosfera-e-socialita","status":"publish","type":"post","link":"https:\/\/quicosenza.it\/news\/fede-e-forti-tradizioni-culturali-spezzano-piccolo-rivivra-una-tre-giorni-di-atmosfera-e-socialita\/","title":{"rendered":"Fede e forti tradizioni culturali, Spezzano Piccolo rivivr\u00e0 una tre giorni di atmosfera e socialit\u00e0"},"content":{"rendered":"<p>SPEZZANO PICCOLO &#8211; Fede e forti tradizioni culturali hanno animato il sodalizio <strong>tra la Parrocchia Santa Maria Assunta e l&#8217;Associazione &#8220;Vivere Spezzano Piccolo&#8221;<\/strong> che quest&#8217;anno hanno organizzato in rinnovata comunione d&#8217;intenti, la tanto attesa Festa Patronale in onore della Madonna Assunta.<\/p>\n<p>Spezzano Piccolo rivivr\u00e0, <strong>nella quattro giorni dal 14 al 17 Agosto, la consueta atmosfera del ritrovarsi tra amici e parenti che tornano al paese<\/strong> e che d&#8217;abitudine raggiungono le famiglie proprio in questi giorni di festa e convivialit\u00e0.<strong> I riti religiosi, la banda, le bancarelle, le luminarie, i fuochi d&#8217;artificio ed i concerti faranno da cornice al ferragosto.<\/strong> Al corposo programma religioso s&#8217;affiancheranno tanti eventi civili che prevedono, per mercoled\u00ec 14 agosto, un inizio d&#8217;autore col concerto del noto gruppo musicale dei Matia Bazar.<\/p>\n<p>Gioved\u00ec 15 invece sar\u00e0 impreziosito della processione<strong> della Madonna Assunta che percorrer\u00e0 tutte le vie del paese, al termine della quale si terr\u00e0 il concerto bandistico che accompagner\u00e0 i presenti verso una mezzanotte<\/strong> illuminata dallo spettacolo pirotecnico. Il raduno dei tamburi dedicato al Maestro Rodolfo Palumbo, storicizzato dalla Regione Calabria, aprir\u00e0 la terza giornata di venerd\u00ec 16 che culminer\u00e0 nel concerto dell&#8217;affermato gruppo cosentino degli Zabatta Staila e Solfam\u00ec. Un ultimo concerto concluder\u00e0 la festa patronale sabato 17.<\/p>\n","protected":false},"excerpt":{"rendered":"<p>SPEZZANO PICCOLO &#8211; Fede e forti tradizioni culturali hanno animato il sodalizio tra la Parrocchia Santa Maria Assunta e l&#8217;Associazione &#8220;Vivere Spezzano Piccolo&#8221; che quest&#8217;anno hanno organizzato in rinnovata comunione d&#8217;intenti, la tanto attesa Festa Patronale in onore della Madonna Assunta. Spezzano Piccolo rivivr\u00e0, nella quattro giorni dal 14 al 17 Agosto, la consueta atmosfera [&hellip;]<\/p>\n","protected":false},"author":61,"featured_media":220278,"comment_status":"closed","ping_status":"closed","sticky":false,"template":"","format":"standard","meta":{"_acf_changed":false,"footnotes":"","jetpack_publicize_message":"","jetpack_publicize_feature_enabled":true,"jetpack_social_post_already_shared":false,"jetpack_social_options":{"image_generator_settings":{"template":"highway","default_image_id":0,"font":"","enabled":false},"version":2}},"categories":[28],"tags":[],"class_list":["post-236342","post","type-post","status-publish","format-standard","has-post-thumbnail","hentry","category-provincia"],"acf":[],"jetpack_publicize_connections":[],"_links":{"self":[{"href":"https:\/\/quicosenza.it\/news\/wp-json\/wp\/v2\/posts\/236342","targetHints":{"allow":["GET"]}}],"collection":[{"href":"https:\/\/quicosenza.it\/news\/wp-json\/wp\/v2\/posts"}],"about":[{"href":"https:\/\/quicosenza.it\/news\/wp-json\/wp\/v2\/types\/post"}],"author":[{"embeddable":true,"href":"https:\/\/quicosenza.it\/news\/wp-json\/wp\/v2\/users\/61"}],"replies":[{"embeddable":true,"href":"https:\/\/quicosenza.it\/news\/wp-json\/wp\/v2\/comments?post=236342"}],"version-history":[{"count":0,"href":"https:\/\/quicosenza.it\/news\/wp-json\/wp\/v2\/posts\/236342\/revisions"}],"wp:featuredmedia":[{"embeddable":true,"href":"https:\/\/quicosenza.it\/news\/wp-json\/wp\/v2\/media\/220278"}],"wp:attachment":[{"href":"https:\/\/quicosenza.it\/news\/wp-json\/wp\/v2\/media?parent=236342"}],"wp:term":[{"taxonomy":"category","embeddable":true,"href":"https:\/\/quicosenza.it\/news\/wp-json\/wp\/v2\/categories?post=236342"},{"taxonomy":"post_tag","embeddable":true,"href":"https:\/\/quicosenza.it\/news\/wp-json\/wp\/v2\/tags?post=236342"}],"curies":[{"name":"wp","href":"https:\/\/api.w.org\/{rel}","templated":true}]}}