{"id":236360,"date":"2024-07-29T12:00:50","date_gmt":"2024-07-29T10:00:50","guid":{"rendered":"https:\/\/www.quicosenza.it\/news\/?p=236360"},"modified":"2024-07-29T10:26:50","modified_gmt":"2024-07-29T08:26:50","slug":"acqua-non-potabile-scoppia-la-protesta-in-carcere-detenuti-appiccano-fuoco","status":"publish","type":"post","link":"https:\/\/quicosenza.it\/news\/acqua-non-potabile-scoppia-la-protesta-in-carcere-detenuti-appiccano-fuoco\/","title":{"rendered":"Acqua non potabile, scoppia la protesta in carcere: detenuti appiccano fuoco"},"content":{"rendered":"<p>VIBO VALENTIA &#8211; \u00abDue giorni di gravi disagi nella casa circondariale di Vibo Valentia, a seguito di ordinanza di <strong>non potabilit\u00e0 dell\u2019acqua<\/strong>,<strong> emessa dal sindaco della citt\u00e0<\/strong>. I detenuti hanno protestato, chiedendo la garanzia per la fornitura di acqua potabile ed altri beni necessari per superare l\u2019emergenza.<\/p>\n<p>A ci\u00f2 si \u00e8 aggiunta un\u2019altra protesta che ha visto protagonisti due detenuti di nazionalit\u00e0 rumena \u2013 affermano <strong>Giovanni Battista Durante<\/strong>, segretario generale aggiunto del Sappe e\u00a0<strong>Francesco Ciccone<\/strong>, segretario regionale \u2013 i quali hanno appiccato il fuoco nella camera detentiva. Solo grazie al pronto intervento della polizia penitenziaria la situazione \u00e8 rientrata, seppur parzialmente, perch\u00e9 nel reparto isolamento, un detenuto di origine egiziana, con problemi psichiatrici, nonch\u00e9 tossicodipendente, e un altro recluso, hanno distrutto tutto quanto c\u2019era nella stanza.<\/p>\n<p>Gli stessi, da giorni, minacciano la gli agenti della Polizia Penitenziaria, con lamette e altri oggetti.<strong>\u00a0Il personale \u00e8 allo stremo e fatica ormai a gestire una situazione che non \u00e8 pi\u00f9 ordinaria, ma emergenziale<\/strong>, per cui sarebbe opportuno che i vertici dell\u2019Amministrazione intervenissero con iniziative adeguate\u00bb.<\/p>\n","protected":false},"excerpt":{"rendered":"<p>VIBO VALENTIA &#8211; \u00abDue giorni di gravi disagi nella casa circondariale di Vibo Valentia, a seguito di ordinanza di non potabilit\u00e0 dell\u2019acqua, emessa dal sindaco della citt\u00e0. I detenuti hanno protestato, chiedendo la garanzia per la fornitura di acqua potabile ed altri beni necessari per superare l\u2019emergenza. A ci\u00f2 si \u00e8 aggiunta un\u2019altra protesta che [&hellip;]<\/p>\n","protected":false},"author":61,"featured_media":194495,"comment_status":"closed","ping_status":"closed","sticky":false,"template":"","format":"standard","meta":{"_acf_changed":false,"footnotes":"","jetpack_publicize_message":"","jetpack_publicize_feature_enabled":true,"jetpack_social_post_already_shared":false,"jetpack_social_options":{"image_generator_settings":{"template":"highway","default_image_id":0,"font":"","enabled":false},"version":2}},"categories":[17],"tags":[19],"class_list":["post-236360","post","type-post","status-publish","format-standard","has-post-thumbnail","hentry","category-calabria","tag-copertina"],"acf":[],"jetpack_publicize_connections":[],"_links":{"self":[{"href":"https:\/\/quicosenza.it\/news\/wp-json\/wp\/v2\/posts\/236360","targetHints":{"allow":["GET"]}}],"collection":[{"href":"https:\/\/quicosenza.it\/news\/wp-json\/wp\/v2\/posts"}],"about":[{"href":"https:\/\/quicosenza.it\/news\/wp-json\/wp\/v2\/types\/post"}],"author":[{"embeddable":true,"href":"https:\/\/quicosenza.it\/news\/wp-json\/wp\/v2\/users\/61"}],"replies":[{"embeddable":true,"href":"https:\/\/quicosenza.it\/news\/wp-json\/wp\/v2\/comments?post=236360"}],"version-history":[{"count":0,"href":"https:\/\/quicosenza.it\/news\/wp-json\/wp\/v2\/posts\/236360\/revisions"}],"wp:featuredmedia":[{"embeddable":true,"href":"https:\/\/quicosenza.it\/news\/wp-json\/wp\/v2\/media\/194495"}],"wp:attachment":[{"href":"https:\/\/quicosenza.it\/news\/wp-json\/wp\/v2\/media?parent=236360"}],"wp:term":[{"taxonomy":"category","embeddable":true,"href":"https:\/\/quicosenza.it\/news\/wp-json\/wp\/v2\/categories?post=236360"},{"taxonomy":"post_tag","embeddable":true,"href":"https:\/\/quicosenza.it\/news\/wp-json\/wp\/v2\/tags?post=236360"}],"curies":[{"name":"wp","href":"https:\/\/api.w.org\/{rel}","templated":true}]}}