{"id":236374,"date":"2024-07-29T13:30:03","date_gmt":"2024-07-29T11:30:03","guid":{"rendered":"https:\/\/www.quicosenza.it\/news\/?p=236374"},"modified":"2024-07-29T13:04:06","modified_gmt":"2024-07-29T11:04:06","slug":"dal-kossovo-a-montalto-uffugo-le-suore-della-casa-della-pace-ringraziano-la-famiglia-di-dino-paolo-nigro","status":"publish","type":"post","link":"https:\/\/quicosenza.it\/news\/dal-kossovo-a-montalto-uffugo-le-suore-della-casa-della-pace-ringraziano-la-famiglia-di-dino-paolo-nigro\/","title":{"rendered":"Dal Kossovo a Montalto Uffugo, le suore della \u201cCasa della Pace\u201d ringraziano la famiglia di Dino Paolo Nigro"},"content":{"rendered":"<p>MONTALTO UFFUGO (CS) &#8211; Oltre 750 chilometri, dal Kossovo fino Montalto Uffugo,<strong> per ringraziare la famiglia del caporal maggiore Dino Paolo Nigro<\/strong> per la <a href=\"https:\/\/quicosenza.it\/news\/area-urbana\/da-montalto-a-gjakove-donazione-della-famiglia-di-dino-paolo-nigro-al-centro-educativo-casa-della-pace\">donazione<\/a> economica, che <strong>sosterr\u00e0 i tanti bambini ospitati nel centro educativo nel villaggio di Bec, nel comune di Gjakov\u00eb\/\u00d0akovica nella regione ovest del Kosovo<\/strong>. Le suore che gestiscono la<strong> &#8220;Casa della Pace&#8221;<\/strong> sono arrivate a Montalto Uffugo nei giorni scorsi ospiti della famiglia del<strong> militare cosentino caduto in servizio nel 2001<\/strong> <strong>durante un\u2019esercitazione nei cieli del Kosovo,<\/strong>\u00a0<strong>precipitando da un elicottero in fase di atterraggio.\u00a0<\/strong><\/p>\n\n\t\t<style>\n\t\t\t#gallery-1 {\n\t\t\t\tmargin: auto;\n\t\t\t}\n\t\t\t#gallery-1 .gallery-item {\n\t\t\t\tfloat: left;\n\t\t\t\tmargin-top: 10px;\n\t\t\t\ttext-align: center;\n\t\t\t\twidth: 33%;\n\t\t\t}\n\t\t\t#gallery-1 img {\n\t\t\t\tborder: 2px solid #cfcfcf;\n\t\t\t}\n\t\t\t#gallery-1 .gallery-caption {\n\t\t\t\tmargin-left: 0;\n\t\t\t}\n\t\t\t\/* see gallery_shortcode() in wp-includes\/media.php *\/\n\t\t<\/style>\n\t\t<div id='gallery-1' class='gallery galleryid-236374 gallery-columns-3 gallery-size-medium'><dl class='gallery-item'>\n\t\t\t<dt class='gallery-icon landscape'>\n\t\t\t\t<a href='https:\/\/quicosenza.it\/news\/dal-kossovo-a-montalto-uffugo-le-suore-della-casa-della-pace-ringraziano-la-famiglia-di-dino-paolo-nigro\/suore-paolo_1\/'><img loading=\"lazy\" decoding=\"async\" width=\"300\" height=\"203\" src=\"https:\/\/quicosenza.it\/news\/wp-content\/uploads\/2024\/07\/Suore-Paolo_1-300x203.jpg\" class=\"attachment-medium size-medium\" alt=\"Dino Paolo Nigro Suore visita famiglia\" srcset=\"https:\/\/quicosenza.it\/news\/wp-content\/uploads\/2024\/07\/Suore-Paolo_1-300x203.jpg 300w, https:\/\/quicosenza.it\/news\/wp-content\/uploads\/2024\/07\/Suore-Paolo_1-768x519.jpg 768w, https:\/\/quicosenza.it\/news\/wp-content\/uploads\/2024\/07\/Suore-Paolo_1-621x420.jpg 621w, https:\/\/quicosenza.it\/news\/wp-content\/uploads\/2024\/07\/Suore-Paolo_1-150x101.jpg 150w, https:\/\/quicosenza.it\/news\/wp-content\/uploads\/2024\/07\/Suore-Paolo_1-696x471.jpg 696w, https:\/\/quicosenza.it\/news\/wp-content\/uploads\/2024\/07\/Suore-Paolo_1.jpg 970w\" sizes=\"auto, (max-width: 300px) 100vw, 300px\" title=\"\"><\/a>\n\t\t\t<\/dt><\/dl><dl class='gallery-item'>\n\t\t\t<dt class='gallery-icon landscape'>\n\t\t\t\t<a href='https:\/\/quicosenza.it\/news\/dal-kossovo-a-montalto-uffugo-le-suore-della-casa-della-pace-ringraziano-la-famiglia-di-dino-paolo-nigro\/suore-paolo_2\/'><img loading=\"lazy\" decoding=\"async\" width=\"300\" height=\"199\" src=\"https:\/\/quicosenza.it\/news\/wp-content\/uploads\/2024\/07\/Suore-Paolo_2-300x199.jpg\" class=\"attachment-medium size-medium\" alt=\"Dino Paolo Nigro Suore visita famiglia\" srcset=\"https:\/\/quicosenza.it\/news\/wp-content\/uploads\/2024\/07\/Suore-Paolo_2-300x199.jpg 300w, https:\/\/quicosenza.it\/news\/wp-content\/uploads\/2024\/07\/Suore-Paolo_2-768x508.jpg 768w, https:\/\/quicosenza.it\/news\/wp-content\/uploads\/2024\/07\/Suore-Paolo_2-635x420.jpg 635w, https:\/\/quicosenza.it\/news\/wp-content\/uploads\/2024\/07\/Suore-Paolo_2-150x99.jpg 150w, https:\/\/quicosenza.it\/news\/wp-content\/uploads\/2024\/07\/Suore-Paolo_2-696x461.jpg 696w, https:\/\/quicosenza.it\/news\/wp-content\/uploads\/2024\/07\/Suore-Paolo_2.jpg 970w\" sizes=\"auto, (max-width: 300px) 100vw, 300px\" title=\"\"><\/a>\n\t\t\t<\/dt><\/dl><dl class='gallery-item'>\n\t\t\t<dt class='gallery-icon landscape'>\n\t\t\t\t<a href='https:\/\/quicosenza.it\/news\/dal-kossovo-a-montalto-uffugo-le-suore-della-casa-della-pace-ringraziano-la-famiglia-di-dino-paolo-nigro\/suore-paolo_4\/'><img loading=\"lazy\" decoding=\"async\" width=\"300\" height=\"198\" src=\"https:\/\/quicosenza.it\/news\/wp-content\/uploads\/2024\/07\/Suore-Paolo_4-300x198.jpg\" class=\"attachment-medium size-medium\" alt=\"Dino Paolo Nigro Suore visita famiglia\" srcset=\"https:\/\/quicosenza.it\/news\/wp-content\/uploads\/2024\/07\/Suore-Paolo_4-300x198.jpg 300w, https:\/\/quicosenza.it\/news\/wp-content\/uploads\/2024\/07\/Suore-Paolo_4-768x506.jpg 768w, https:\/\/quicosenza.it\/news\/wp-content\/uploads\/2024\/07\/Suore-Paolo_4-638x420.jpg 638w, https:\/\/quicosenza.it\/news\/wp-content\/uploads\/2024\/07\/Suore-Paolo_4-150x99.jpg 150w, https:\/\/quicosenza.it\/news\/wp-content\/uploads\/2024\/07\/Suore-Paolo_4-696x458.jpg 696w, https:\/\/quicosenza.it\/news\/wp-content\/uploads\/2024\/07\/Suore-Paolo_4-741x486.jpg 741w, https:\/\/quicosenza.it\/news\/wp-content\/uploads\/2024\/07\/Suore-Paolo_4.jpg 970w\" sizes=\"auto, (max-width: 300px) 100vw, 300px\" title=\"\"><\/a>\n\t\t\t<\/dt><\/dl><br style=\"clear: both\" \/>\n\t\t<\/div>\n\n<p>Una donazione fortemente voluta dalla famiglia (consegnata dal fratello del Caporale Dino Paolo) per <strong>onorare il sacrificio del figlio<\/strong>, sostenendo le comunit\u00e0 locali, riflettendo i precedenti sforzi di Dino a sostegno della stabilit\u00e0 del Kosovo. Il centro didattico &#8220;Casa della pace&#8221; di Bec \u00e8 una <strong>struttura fondata dalle suore dell&#8217;Ordine di San Basilio Magno nel 1999<\/strong>. Oggi \u00e8 in grado di ospitare quasi un centinaio di bambini, <strong>appartenenti a diverse etnie e religioni, assistendoli nell&#8217;educazione scolastica e nell&#8217;apprendimento<\/strong>.<\/p>\n","protected":false},"excerpt":{"rendered":"<p>MONTALTO UFFUGO (CS) &#8211; Oltre 750 chilometri, dal Kossovo fino Montalto Uffugo, per ringraziare la famiglia del caporal maggiore Dino Paolo Nigro per la donazione economica, che sosterr\u00e0 i tanti bambini ospitati nel centro educativo nel villaggio di Bec, nel comune di Gjakov\u00eb\/\u00d0akovica nella regione ovest del Kosovo. Le suore che gestiscono la &#8220;Casa della [&hellip;]<\/p>\n","protected":false},"author":55,"featured_media":236375,"comment_status":"closed","ping_status":"closed","sticky":false,"template":"","format":"standard","meta":{"_acf_changed":false,"footnotes":"","jetpack_publicize_message":"","jetpack_publicize_feature_enabled":true,"jetpack_social_post_already_shared":false,"jetpack_social_options":{"image_generator_settings":{"template":"highway","default_image_id":0,"font":"","enabled":false},"version":2}},"categories":[563,566],"tags":[19],"class_list":["post-236374","post","type-post","status-publish","format-standard","has-post-thumbnail","hentry","category-area-urbana","category-montalto","tag-copertina"],"acf":[],"jetpack_publicize_connections":[],"_links":{"self":[{"href":"https:\/\/quicosenza.it\/news\/wp-json\/wp\/v2\/posts\/236374","targetHints":{"allow":["GET"]}}],"collection":[{"href":"https:\/\/quicosenza.it\/news\/wp-json\/wp\/v2\/posts"}],"about":[{"href":"https:\/\/quicosenza.it\/news\/wp-json\/wp\/v2\/types\/post"}],"author":[{"embeddable":true,"href":"https:\/\/quicosenza.it\/news\/wp-json\/wp\/v2\/users\/55"}],"replies":[{"embeddable":true,"href":"https:\/\/quicosenza.it\/news\/wp-json\/wp\/v2\/comments?post=236374"}],"version-history":[{"count":0,"href":"https:\/\/quicosenza.it\/news\/wp-json\/wp\/v2\/posts\/236374\/revisions"}],"wp:featuredmedia":[{"embeddable":true,"href":"https:\/\/quicosenza.it\/news\/wp-json\/wp\/v2\/media\/236375"}],"wp:attachment":[{"href":"https:\/\/quicosenza.it\/news\/wp-json\/wp\/v2\/media?parent=236374"}],"wp:term":[{"taxonomy":"category","embeddable":true,"href":"https:\/\/quicosenza.it\/news\/wp-json\/wp\/v2\/categories?post=236374"},{"taxonomy":"post_tag","embeddable":true,"href":"https:\/\/quicosenza.it\/news\/wp-json\/wp\/v2\/tags?post=236374"}],"curies":[{"name":"wp","href":"https:\/\/api.w.org\/{rel}","templated":true}]}}