{"id":236522,"date":"2024-07-30T20:00:37","date_gmt":"2024-07-30T18:00:37","guid":{"rendered":"https:\/\/www.quicosenza.it\/news\/?p=236522"},"modified":"2024-07-30T18:50:02","modified_gmt":"2024-07-30T16:50:02","slug":"naufragio-migranti-la-cgil-non-ci-sta-silenziata-la-strage-al-largo-di-roccella","status":"publish","type":"post","link":"https:\/\/quicosenza.it\/news\/naufragio-migranti-la-cgil-non-ci-sta-silenziata-la-strage-al-largo-di-roccella\/","title":{"rendered":"Naufragio migranti, la Cgil non ci sta: &#8220;silenziata la strage al largo di Roccella&#8221;"},"content":{"rendered":"<div id=\"txt_cont\">CATANZARO &#8211; &#8220;Mentre le indagini sulla strage di Steccato di Cutro <strong>si sono concluse e dovr\u00e0 essere ora la giustizia a stabilire quali responsabilit\u00e0 nella catena di comando dei soccorsi, anche politiche<\/strong>, ci siano dietro la tragedia avvenuta a poche decine di metri dalla costa, non possiamo come Cgil non stigmatizzare il fatto che un altro dramma, quello<strong> legato al naufragio di Roccella Ionica dello scorso giugno, sia passato inspiegabilmente sotto traccia.<\/strong> L&#8217;ennesimo viaggio della speranza finito in tragedia a pi\u00f9 di 110 miglia dalla nostra costa: undici i soli sopravvissuti, 41 morti accertati di cui 26 bambini, 35 i dispersi. Ad oggi la pi\u00f9 grave tragedia dell&#8217;immigrazione del 2024. Una strage silenziata perch\u00e9 le morti in mare non fanno pi\u00f9 clamore e meno se ne parla meglio \u00e8&#8221;. <strong>Lo afferma la segretaria Cgil Calabria con delega all&#8217;Immigrazione Celeste Logiacco.<\/strong>\n<\/div>\n<div>&#8220;Il susseguirsi in mare di sbarchi e vite inghiottite dalle onde &#8211; prosegue &#8211; \u00e8 la dimostrazione plastica dell&#8217;inefficacia del decreto Cutro che sin dall&#8217;inizio come sindacato abbiamo ritenuto non idoneo. Varato come risposta alle stragi nel Mediterraneo, il decreto in realt\u00e0 non affronta in alcun modo le vere cause che in questi anni hanno portato alla morte in mare di migliaia di persone. Al contrario, prevede condizioni giuridiche peggiorative per coloro che arrivano in Italia ed accresce le situazioni di irregolarit\u00e0 ed esclusione anche di chi \u00e8 gi\u00e0 da tempo sul territorio nazionale.<\/div>\n<div><\/div>\n<div>Alla pari di altri interventi legislativi, il decreto affronta la questione partendo dall&#8217;equazione tra criminalit\u00e0 e fenomeno migratorio.<strong> Allo stesso tempo da anni non viene rovesciato il paradigma pi\u00f9 importante: gli sbarchi non sono un&#8217;emergenza e i flussi migratori sono un elemento sistemico all&#8217;interno di una visione globale del mondo<\/strong>. Finch\u00e9 tutto questo non verr\u00e0 tenuto in considerazione ogni intervento sar\u00e0 solo un palliativo che non contribuir\u00e0 n\u00e9 ad arginare il fenomeno, n\u00e9 a ridurre le morti in mare&#8221;.<\/div>\n<div>\n&#8220;Pochi giorni fa &#8211; afferma la sindacalista &#8211; l&#8217;identificazione dei resti del corpicino del piccolo Anas di soli 6 anni, recuperato in mare il 14 aprile scorso nelle acque di Lamezia Terme, annegato nel naufragio tra il 5 e il 6 febbraio insieme al suo pap\u00e0, ancora oggi disperso, nel vano e disperato tentativo di raggiugere la Sardegna. <strong>Donne, uomini e bambini in fuga dalla fame e dalla guerra le cui storie testimoniano drammaticamente come la mancanza di canali legali e sicuri siano la causa diretta della loro morte. Ancora una volta, mentre nel Mediterraneo si continua a morire, chiediamo politiche eque ed efficaci sull&#8217;immigrazione e sul diritto di asilo, canali legali di ingresso e corridoi umanitari<\/strong>. Chiediamo l&#8217;abolizione della legge Bossi-Fini e l&#8217;abbandono delle politiche di esternalizzazione. Chiediamo chiarezza, verit\u00e0 e giustizia per le centinaia di migranti morti di stenti e di fame, per tutti coloro che si sono affidati alle onde e a traversate su mezzi impropri per cercare un futuro migliore. Ce lo aspettiamo dal processo sulla tragedia di Cutro&#8221;.<\/div>\n<div>\n&#8220;Al contrario del ministro Salvini o di chi si schiera senza se e senza ma per ottenere facile consenso &#8211; conclude Celeste Logiacco &#8211; noi, non dimenticando che i militari italiani nel semestre precedente alla strage di Cutro hanno salvato 36.500 migranti, pretendiamo solo chiarezza e un processo giusto ed equo che dica se quella strage poteva essere evitata e in cui, se possibile, si evitino affermazioni eclatanti decisamente disumane nel rispetto del dolore di tutti. Stiamo parlando di vite umane ed \u00e8 nostro dovere lottare anche quando un cambiamento sembra lontano: non si pu\u00f2 restare indifferenti, non pu\u00f2 diventare normalit\u00e0&#8221;.<\/div>\n","protected":false},"excerpt":{"rendered":"<p>CATANZARO &#8211; &#8220;Mentre le indagini sulla strage di Steccato di Cutro si sono concluse e dovr\u00e0 essere ora la giustizia a stabilire quali responsabilit\u00e0 nella catena di comando dei soccorsi, anche politiche, ci siano dietro la tragedia avvenuta a poche decine di metri dalla costa, non possiamo come Cgil non stigmatizzare il fatto che un [&hellip;]<\/p>\n","protected":false},"author":61,"featured_media":232805,"comment_status":"closed","ping_status":"closed","sticky":false,"template":"","format":"standard","meta":{"_acf_changed":false,"footnotes":"","jetpack_publicize_message":"","jetpack_publicize_feature_enabled":true,"jetpack_social_post_already_shared":false,"jetpack_social_options":{"image_generator_settings":{"template":"highway","default_image_id":0,"font":"","enabled":false},"version":2}},"categories":[17],"tags":[19],"class_list":["post-236522","post","type-post","status-publish","format-standard","has-post-thumbnail","hentry","category-calabria","tag-copertina"],"acf":[],"jetpack_publicize_connections":[],"_links":{"self":[{"href":"https:\/\/quicosenza.it\/news\/wp-json\/wp\/v2\/posts\/236522","targetHints":{"allow":["GET"]}}],"collection":[{"href":"https:\/\/quicosenza.it\/news\/wp-json\/wp\/v2\/posts"}],"about":[{"href":"https:\/\/quicosenza.it\/news\/wp-json\/wp\/v2\/types\/post"}],"author":[{"embeddable":true,"href":"https:\/\/quicosenza.it\/news\/wp-json\/wp\/v2\/users\/61"}],"replies":[{"embeddable":true,"href":"https:\/\/quicosenza.it\/news\/wp-json\/wp\/v2\/comments?post=236522"}],"version-history":[{"count":0,"href":"https:\/\/quicosenza.it\/news\/wp-json\/wp\/v2\/posts\/236522\/revisions"}],"wp:featuredmedia":[{"embeddable":true,"href":"https:\/\/quicosenza.it\/news\/wp-json\/wp\/v2\/media\/232805"}],"wp:attachment":[{"href":"https:\/\/quicosenza.it\/news\/wp-json\/wp\/v2\/media?parent=236522"}],"wp:term":[{"taxonomy":"category","embeddable":true,"href":"https:\/\/quicosenza.it\/news\/wp-json\/wp\/v2\/categories?post=236522"},{"taxonomy":"post_tag","embeddable":true,"href":"https:\/\/quicosenza.it\/news\/wp-json\/wp\/v2\/tags?post=236522"}],"curies":[{"name":"wp","href":"https:\/\/api.w.org\/{rel}","templated":true}]}}